{"id":976,"date":"2022-09-12T14:05:27","date_gmt":"2022-09-12T12:05:27","guid":{"rendered":"https:\/\/ambskopje.esteri.it\/news\/dall_ambasciata\/2022\/09\/intervento-del-presidente-della-2\/"},"modified":"2022-09-12T14:05:27","modified_gmt":"2022-09-12T12:05:27","slug":"intervento-del-presidente-della-2","status":"publish","type":"post","link":"https:\/\/ambskopje.esteri.it\/sq\/news\/dall_ambasciata\/2022\/09\/intervento-del-presidente-della-2\/","title":{"rendered":"Fjalim i Presidentit Mattarella n\u00eb Kuvendin e Republik\u00ebs s\u00eb Maqedonis\u00eb s\u00eb Veriut"},"content":{"rendered":"<p>Zoti President i Republik\u00ebs,<\/p>\n<p>Zoti Kryetar i Kuvendit,<\/p>\n<p>Zoti Kryeminist\u00ebr,<\/p>\n<p>Zonja Kryetare e Gjykat\u00ebs Kushtetuese,<\/p>\n<p>Zonja dhe zot\u00ebrinj deputet\u00eb,<\/p>\n<p>Zonja dhe zot\u00ebrinj,<\/p>\n<p>Mund\u00ebsia p\u00ebr t\u00eb vizituar Maqedonin\u00eb e Veriut, fal\u00eb ftes\u00ebs s\u00eb Presidentit Pendarovski, dhe p\u00ebr t&#8217;ju drejtuar sot, p\u00ebr mua dhe p\u00ebr Republik\u00ebn Italiane, \u00ebsht\u00eb arsye p\u00ebr mir\u00ebnjohje dhe konfirmon miq\u00ebsin\u00eb q\u00eb bashkon vendet dhe popujt tan\u00eb.<\/p>\n<p>Nj\u00eb miq\u00ebsi q\u00eb ka rr\u00ebnj\u00eb t\u00eb thella, e ushqyer nga simpatia spontane, nga nj\u00eb ndjenj\u00eb e mir\u00ebkuptimit t\u00eb vazhduesh\u00ebm reciprok.<\/p>\n<p>Pas Luft\u00ebs s\u00eb Dyt\u00eb Bot\u00ebrore, pavar\u00ebsisht kufizimeve t\u00eb vendosura nga rendi gjeopolitik i asaj kohe, Italia vazhdoi ta shikonte popullin tuaj me simpati, respekt dhe interes t\u00eb pandryshuar.<\/p>\n<p>D\u00ebshmi p\u00ebr k\u00ebt\u00eb \u00ebsht\u00eb l\u00ebvizja e fort\u00eb e solidaritetit q\u00eb, pas t\u00ebrmetit t\u00eb tmerrsh\u00ebm q\u00eb goditi qytetin e Shkupit n\u00eb vitin 1963, m\u00eb shum\u00eb se dyqind artist\u00eb italian\u00eb &#8211; nga Guttuso n\u00eb Fontana, nga Burri te Rotella &#8211; dhuruan m\u00eb shum\u00eb se treqind nga veprat e tyre artistike, t\u00eb cilat sot ruhen n\u00eb Muzeun e Artit Bashk\u00ebkohor t\u00eb kryeqytetit.<\/p>\n<p>Me pavar\u00ebsin\u00eb, tridhjet\u00ebvjetori i s\u00eb cil\u00ebs u festua vitin e kaluar, jan\u00eb hapur mund\u00ebsi tjera p\u00ebr zhvillimin e marr\u00ebdh\u00ebnieve tona n\u00eb t\u00eb gjitha fushat, e nd\u00ebr to \u00ebsht\u00eb edhe bashk\u00ebpunimi n\u00eb fush\u00ebn e kultur\u00ebs.<\/p>\n<p>\u00cbsht\u00eb krenari p\u00ebr Italin\u00eb q\u00eb n\u00eb Universitetin \u201cSh. Kirili dhe Metodi&#8221; n\u00eb Shkup, gjuha italiane m\u00ebsohet p\u00ebr m\u00eb shum\u00eb se gjasht\u00ebdhjet\u00eb vjet dhe fakti q\u00eb p\u00ebr momentin, shum\u00eb student\u00eb maqedonas kan\u00eb zgjedhur t\u00eb studiojn\u00eb italisht n\u00eb shkollat \u200b\u200bfillore dhe t\u00eb mesme \u00ebsht\u00eb nj\u00eb shenj\u00eb e dinamik\u00ebs dhe fuqis\u00eb s\u00eb lidhjes q\u00eb na bashkon.<\/p>\n<p>B\u00ebhet fjal\u00eb p\u00ebr nj\u00eb ndjenj\u00eb miq\u00ebsie t\u00eb thell\u00eb &#8211; pasqyr\u00eb e s\u00eb cil\u00ebs ishte pritja e ngroht\u00eb nga Presidenti Pendarovski, si dhe takimet q\u00eb pata k\u00ebnaq\u00ebsin\u00eb t&#8217;i b\u00ebj me t\u00eb n\u00eb Rom\u00eb &#8211; nj\u00eb ndjenj\u00eb q\u00eb pasqyron shpirtin e popujve tan\u00eb, duke filluar me numrin e madh t\u00eb bashkatdhetar\u00ebve tuaj, t\u00eb cil\u00ebt kan\u00eb zgjedhur Italin\u00eb si vendin e tyre p\u00ebr t\u00eb jetuar, duke dh\u00ebn\u00eb nj\u00eb kontribut t\u00eb r\u00ebnd\u00ebsish\u00ebm n\u00eb zhvillimin e shtetit tim dhe n\u00eb zhvillimin e bashk\u00ebpunimit midis ekonomive dhe shoq\u00ebrive tona.<\/p>\n<p>Italia gjithmon\u00eb ka dh\u00ebn\u00eb &#8211; dhe do t\u00eb vazhdoj\u00eb ta b\u00ebj\u00eb k\u00ebt\u00eb &#8211; mb\u00ebshtetje t\u00eb fort\u00eb p\u00ebr rrug\u00ebn e Maqedonis\u00eb s\u00eb Veriut drejt Evrop\u00ebs.<\/p>\n<p>Krijimi i kushteve p\u00ebr fillimin e negociatave me Brukselin \u00ebsht\u00eb nj\u00eb sukses p\u00ebr t\u00eb cilin me t\u00eb drejt\u00eb duhet t\u00eb jemi krenar\u00eb, n\u00eb pritje t\u00eb arritjes s\u00eb an\u00ebtar\u00ebsimit t\u00eb plot\u00eb n\u00eb Bashkimin Evropian, si\u00e7 ndodhi me zgjedhjen tuaj p\u00ebr t&#8217;u an\u00ebtar\u00ebsuar n\u00eb Aleanc\u00ebn Atlantike.<\/p>\n<p>Vendi i Maqedonis\u00eb s\u00eb Veriut \u00ebsht\u00eb n\u00eb Evrop\u00eb, p\u00ebr shkak t\u00eb vlerave, historis\u00eb, kultur\u00ebs.<\/p>\n<p>Shkupi n\u00eb disa raste bindsh\u00ebm ka konfirmuar se ndan parimet q\u00eb jan\u00eb baza e struktur\u00ebs evropiane, duke marr\u00eb zgjedhje t\u00eb guximshme dhe shpesh jo aq t\u00eb lehta, p\u00ebr t\u00eb d\u00ebshmuar vendosm\u00ebrin\u00eb me t\u00eb cil\u00ebn synon t\u00eb arrij\u00eb q\u00ebllimin e hyrjes n\u00eb Bashkimin Evropian.<\/p>\n<p>E kam fjal\u00ebn p\u00ebr Marr\u00ebveshjen Korniz\u00eb t\u00eb Ohrit, me t\u00eb cil\u00ebn u arrit zgjidhje e p\u00ebrhershme p\u00ebr pjes\u00ebmarrjen e t\u00eb gjith\u00eb komponent\u00ebve etnik\u00eb n\u00eb jet\u00ebn e shtetit, Marr\u00ebveshjen e Presp\u00ebs dhe marr\u00ebveshjet e arritura me Bullgarin\u00eb.<\/p>\n<p>D\u00ebshiroj t\u00eb shpreh admirimin dhe respektin e thell\u00eb me t\u00eb cilin Italia e sheh rrug\u00ebn e ndjekur nga Maqedonia e Veriut, qytetar\u00ebt dhe institucionet e saja, duke filluar nga ky Kuvend. Jo shum\u00eb vende e kan\u00eb pasur vendosm\u00ebrin\u00eb tuaj p\u00ebr t\u00eb zgjidhur aq shum\u00eb \u00e7\u00ebshtje kaq t\u00eb r\u00ebnd\u00ebsishme, n\u00eb m\u00ebnyr\u00eb t\u00eb hapur, paq\u00ebsore dhe n\u00eb nj\u00eb periudh\u00eb t\u00eb shkurt\u00ebr kohore.<\/p>\n<p>Ndonj\u00ebher\u00eb ishte e nevojshme t\u00eb kalohen procese t\u00eb v\u00ebshtira, por fal\u00eb tyre, Maqedonia e Veriut \u00ebsht\u00eb vendosur si nj\u00eb vend gjith\u00ebp\u00ebrfshir\u00ebs nga brenda dhe i hapur p\u00ebr nd\u00ebrtimin e marr\u00ebdh\u00ebnieve t\u00eb bashk\u00ebpunimit t\u00eb sinqert\u00eb nga jasht\u00eb.<\/p>\n<p>Hyrja e plot\u00eb n\u00eb familjen evropiane e vendeve t\u00eb Evrop\u00ebs Juglindore \u00ebsht\u00eb e destinuar t\u00eb jap\u00eb nj\u00eb kontribut vendimtar n\u00eb kauz\u00ebn e paqes n\u00eb Evrop\u00eb dhe b\u00ebn t\u00eb mundur t&#8217;i jepet fund vones\u00ebs historike n\u00eb procesin e integrimit t\u00eb kontinentit.<\/p>\n<p>S\u00eb bashku, do t\u00eb arrijm\u00eb q\u00ebllimin p\u00ebr t\u00eb kap\u00ebrcyer ndarjet e vjetra dhe t\u00eb fundit, duke kap\u00ebrcyer pikat e nxehta t\u00eb tensionit t\u00eb nj\u00eb t\u00eb kaluare &#8211; ende t\u00eb gjall\u00eb n\u00eb kujtes\u00ebn e disa njer\u00ebzve. &#8211; q\u00eb fshihen n\u00ebn hi, duke menduar p\u00ebr t\u00eb ardhmen dhe duke krijuar nj\u00eb zon\u00eb stabiliteti dhe zhvillimi.<\/p>\n<p>N\u00eb k\u00ebt\u00eb rrug\u00eb, Italia do t\u00eb q\u00ebndroj\u00eb pran\u00eb jush, me vendosm\u00ebri t\u00eb fort\u00eb, si nj\u00eb vend mik dhe fqinj.<\/p>\n<p>Marr\u00ebdh\u00ebnia mes Ballkanit dhe Italis\u00eb \u00ebsht\u00eb nj\u00eb shembull i mund\u00ebsis\u00eb p\u00ebr t\u00eb par\u00eb drejt nj\u00eb horizonti t\u00eb p\u00ebrbashk\u00ebt, n\u00eb nj\u00eb realitet t\u00eb p\u00ebrbashk\u00ebt europian.<\/p>\n<p>Sht\u00ebpia e p\u00ebrbashk\u00ebt evropiane \u00ebsht\u00eb nj\u00eb q\u00ebllim t\u00eb cilit Republika Italiane i kushton r\u00ebnd\u00ebsi vendimtare.<\/p>\n<p>Dhe fati i gjith\u00eb rajonit t\u00eb Ballkanit nuk mund t\u00eb ndahet nga ai i vendeve t\u00eb tjera evropiane.<\/p>\n<p>Zoti President,<\/p>\n<p>Zonja dhe zot\u00ebrinj deputet\u00eb,<\/p>\n<p>tema e identiteteve t\u00eb \u00e7do vendi dhe bashk\u00ebjetesa e tyre reciproke \u00ebsht\u00eb nj\u00eb element konstruktiv qendror i Bashkimit.<\/p>\n<p>\u201cUnitet n\u00eb diversitet\u201d \u00ebsht\u00eb motoja e Bashkimit Evropian.<\/p>\n<p>Puna juaj, p\u00ebr t\u00eb cil\u00ebn jam n\u00eb dijeni dhe q\u00eb e kuptoj mir\u00eb, e kan\u00eb p\u00ebrjetuar edhe vende t\u00eb tjera t\u00eb kontinentit ton\u00eb, ndon\u00ebse n\u00eb kushte dhe m\u00ebnyra t\u00eb ndryshme.<\/p>\n<p>Synimi i s\u00eb drejt\u00ebs, nj\u00eb vler\u00eb nga e cila \u00ebsht\u00eb frym\u00ebzuar trupi evropian, njeh nj\u00eb kategori, at\u00eb t\u00eb qytetar\u00ebve dhe p\u00ebr secilin prej tyre respektohet zgjedhja kulturore dhe fetare dhe njihet origjina e tyre.<\/p>\n<p>K\u00ebto jan\u00eb pyetje q\u00eb po diskutohen n\u00eb shum\u00eb vende, duke p\u00ebrfshir\u00eb edhe vendin tim, dhe q\u00eb kan\u00eb gjetur nj\u00eb vend n\u00eb dialogun e \u00e7muar, q\u00eb na ka lejuar t\u00eb nd\u00ebrtojm\u00eb s\u00eb bashku, n\u00eb nj\u00eb Evrop\u00eb t\u00eb bashkuar, nj\u00eb t\u00eb ardhme bashk\u00ebpunimi t\u00eb lir\u00eb dhe t\u00eb frytsh\u00ebm midis vendeve dhe popujve tona. Rrug\u00ebtimi i frytsh\u00ebm, me t\u00eb cilin u arrit nj\u00eb rezultat i nj\u00eb r\u00ebnd\u00ebsie t\u00eb madhe, me dh\u00ebnien e p\u00ebrbashk\u00ebt t\u00eb titullit Kryeqytet i Kultur\u00ebs Evropiane i vitit 2025, Nova Goric\u00ebs dhe Goric\u00ebs, dikur e ndar\u00eb me nj\u00eb kufi fizik muresh dhe telash me gjemba, sot t\u00eb rr\u00ebnuara sepse u fshin\u00eb nga p\u00ebrpjekjet e p\u00ebrbashk\u00ebta dhe nga k\u00ebndv\u00ebshtrimi i mir\u00ebqenies s\u00eb komuniteteve t\u00eb tyre civile.<\/p>\n<p>Maqedonia e Veriut dhe Bullgaria jan\u00eb thirrur sot t\u00eb angazhohen p\u00ebr zhvillimin e nj\u00eb dialogu t\u00eb respektuesh\u00ebm dhe t\u00eb sinqert\u00eb p\u00ebr t\u00eb kap\u00ebrcyer keqkuptimet e s\u00eb kaluar\u00ebs, n\u00eb kuadrin e p\u00ebrkat\u00ebsis\u00eb s\u00eb p\u00ebrbashk\u00ebt n\u00eb familjen evropiane dhe me respekt t\u00eb plot\u00eb p\u00ebr gjuh\u00ebt, kulturat dhe identitetin e tyre.<\/p>\n<p>Identitete q\u00eb n\u00eb deklinime t\u00eb ndryshme komb\u00ebtare kontribuojn\u00eb n\u00eb p\u00ebrcaktimin e nj\u00eb hap\u00ebsire kulturore evropiane, t\u00eb nj\u00eb trash\u00ebgimie t\u00eb p\u00ebrb\u00ebr\u00eb nga tradita dhe aspirata q\u00eb na bashkojn\u00eb dhe q\u00eb na b\u00ebjn\u00eb t\u00eb gjith\u00ebve qytetar\u00eb europian\u00eb.<\/p>\n<p>E nj\u00ebjta hap\u00ebsir\u00eb \u200b\u200bkulturore evropiane q\u00eb do t\u00eb ishte pashpres\u00eb e paplot\u00eb pa kontributin e historis\u00eb dhe kultur\u00ebs s\u00eb Maqedonis\u00eb s\u00eb Veriut, pjes\u00eb thelb\u00ebsore e s\u00eb cil\u00ebs \u00ebsht\u00eb gjuha maqedonase.<\/p>\n<p>Zoti President,<\/p>\n<p>Zonja dhe zot\u00ebrinj deputet\u00eb,<\/p>\n<p>Italia beson fort se Ballkani Per\u00ebndimor \u00ebsht\u00eb pjes\u00eb integrale e Evrop\u00ebs dhe se Evropa nuk do t\u00eb jet\u00eb kurr\u00eb e plot\u00eb pa an\u00ebtar\u00ebsimin e t\u00eb gjitha vendeve t\u00eb k\u00ebtij rajoni.<\/p>\n<p>Aktor\u00eb individual\u00eb dhe forca t\u00eb jashtme, duke thirrur p\u00ebr pushtet, duan t\u00eb marrin ndikimin n\u00eb zon\u00eb.<\/p>\n<p>Do t\u00eb doja t\u00eb n\u00ebnvizoja plot\u00ebsisht vler\u00ebn e zgjedhjes evropiane q\u00eb hedh posht\u00eb me krenari logjik\u00ebn e zonave t\u00eb ndikimit, p\u00ebr t\u00eb nd\u00ebrtuar n\u00eb vend t\u00eb k\u00ebsaj, s\u00eb bashku, n\u00eb barazi t\u00eb p\u00ebrsosur me popujt e lir\u00eb t\u00eb kontinentit, nj\u00eb perspektiv\u00eb t\u00eb p\u00ebrbashk\u00ebt p\u00ebrparimi.<\/p>\n<p>Bashkimi Evropian arriti t\u00eb realizoj\u00eb &#8211; pasi gjasht\u00ebdhjet\u00eb e pes\u00eb vjet m\u00eb par\u00eb, me Traktatet e Rom\u00ebs, filloi kjo p\u00ebrvoj\u00eb e jasht\u00ebzakonshme &#8211; nj\u00eb projekt t\u00eb besuesh\u00ebm stabiliteti, paqeje, mir\u00ebqenieje, duke zhvilluar shoq\u00ebrin\u00eb e vet mbi baza t\u00eb forta, t\u00eb lira dhe m\u00eb t\u00eb drejta.<\/p>\n<p>Historia e rajonit ballkanik, madje edhe m\u00eb e reja dhe m\u00eb tragjike, na ndihmon t\u00eb kujtojm\u00eb dometh\u00ebnien m\u00eb t\u00eb thell\u00eb t\u00eb projektit evropian, si\u00e7 e konceptuan baballar\u00ebt themelues. Para se t\u00eb b\u00ebhet nj\u00eb realitet i r\u00ebnd\u00ebsish\u00ebm ekonomik, Evropa \u00ebsht\u00eb n\u00eb fakt nj\u00eb projekt paqeje dhe pajtimi midis kombeve, nj\u00eb projekt i ndarjes s\u00eb sovraniteteve t\u00eb veta komb\u00ebtare p\u00ebr t\u00eb nd\u00ebrtuar di\u00e7ka m\u00eb t\u00eb madhe dhe m\u00eb t\u00eb fort\u00eb p\u00ebr t\u00eb mir\u00ebn e qytetar\u00ebve.<\/p>\n<p>Kontributi ideal i vendeve t\u00eb Ballkanit Per\u00ebndimor \u00ebsht\u00eb edhe m\u00eb thelb\u00ebsor n\u00eb k\u00ebt\u00eb moment n\u00eb t\u00eb cilin tema e forcimit dhe thellimit t\u00eb nd\u00ebrtimit evropian \u00ebsht\u00eb b\u00ebr\u00eb e pashmangshme. Vet\u00eb Ballkani \u00ebsht\u00eb nj\u00eb paralajm\u00ebrim p\u00ebr urgjenc\u00ebn p\u00ebr t\u00eb vazhduar me vendosm\u00ebri dhe pa m\u00ebdyshje n\u00eb rrug\u00ebn drejt nj\u00eb integrimi edhe m\u00eb t\u00eb madh.<\/p>\n<p>N\u00eb k\u00ebt\u00eb kuptim, p\u00ebrgjigja q\u00eb Evropa u dha sfidave t\u00eb parashtruara fillimisht nga pandemia, dhe m\u00eb pas nga agresioni i Federat\u00ebs Ruse ndaj Ukrain\u00ebs, na lejon t\u00eb shikojm\u00eb me qet\u00ebsi dhe besim t\u00eb ardhmen e Bashkimit t\u00eb aft\u00eb p\u00ebr t&#8217;iu p\u00ebrgjigjur sfidave t\u00eb v\u00ebshtira.<\/p>\n<p>Presidenti i Federat\u00ebs Ruse e ka rikthyer makthin e luft\u00ebs n\u00eb kontinentin ton\u00eb, pik\u00ebrisht aty ku puna e duruar dhe largpam\u00ebse e baballar\u00ebve themelues t\u00eb Evrop\u00ebs dhe dialogu mes shtetar\u00ebve shum\u00eb t\u00eb respektuar ia dol\u00ebn ta zhdukin. Ajo q\u00eb po ndodh n\u00eb Ukrain\u00eb paraqet k\u00ebrc\u00ebnim p\u00ebr vlerat themeluese t\u00eb komunitetit nd\u00ebrkomb\u00ebtar dhe p\u00ebrgjigja e familjes euroatlantike \u00ebsht\u00eb n\u00eb nivelin e sfid\u00ebs s\u00eb aventur\u00ebs ushtarake q\u00eb po nd\u00ebrmerr Moska.<\/p>\n<p>D\u00ebshiroj t\u00eb shpreh mir\u00ebnjohjen time p\u00ebr solidaritetin konkret q\u00eb Maqedonia e Veriut ka treguar ndaj Ukrain\u00ebs; nj\u00eb tjet\u00ebr d\u00ebshmi, n\u00ebse \u00ebsht\u00eb e nevojshme, p\u00ebr respektimin e plot\u00eb t\u00eb vlerave dhe parimeve mbi t\u00eb cilat bazohen si Aleanca Atlantike ashtu edhe nj\u00eb Evrop\u00eb e bashkuar.<\/p>\n<p>Rezistenca ndaj planeve imperialiste t\u00eb shfaqura nga Federata Ruse do t\u00eb k\u00ebrkoj\u00eb nj\u00eb angazhim afatgjat\u00eb dhe tashm\u00eb po imponon sakrifica t\u00eb konsiderueshme mbi popullsin\u00eb ton\u00eb, duke filluar nga rritja e \u00e7mimeve t\u00eb energjis\u00eb dhe ushqimeve. Por k\u00ebto kosto jan\u00eb pa mas\u00eb m\u00eb t\u00eb ul\u00ebta se ato q\u00eb do t\u00eb duhej t\u00eb vuanim n\u00ebse kjo logjik\u00eb agresive, e cila ripropozon skenar\u00ebt e luft\u00ebrave shkat\u00ebrruese t\u00eb shekujve t\u00eb kaluar, nuk do t\u00eb ndalohej menj\u00ebher\u00eb.<\/p>\n<p>Nuk mund t\u00eb t\u00ebrhiqemi nga llogoret e mbrojtjes s\u00eb t\u00eb drejtave t\u00eb njeriut dhe t\u00eb njer\u00ebzve; dhe p\u00ebr t\u00eb shmangur brisht\u00ebsin\u00eb ose d\u00ebshtimin, do t\u00eb duhet t\u00eb forcojm\u00eb kohezionin ton\u00eb t\u00eb brendsh\u00ebm, duke p\u00ebrfshir\u00eb masat q\u00eb mund t\u00eb zbusin kostot e larta q\u00eb do t\u00eb duhet t\u00eb p\u00ebrballojn\u00eb ekonomit\u00eb tona.<\/p>\n<p>N\u00eb k\u00ebt\u00eb kuptim, Italia mb\u00ebshtet fuqimisht p\u00ebrfshirjen e Ballkanit Per\u00ebndimor n\u00eb mekanizmat evropian\u00eb t\u00eb solidaritetit q\u00eb synojn\u00eb garantimin e siguris\u00eb energjetike, ve\u00e7an\u00ebrisht n\u00eb funksion t\u00eb dimrit t\u00eb ardhsh\u00ebm.<\/p>\n<p>P\u00ebr shkak t\u00eb p\u00ebrmasave t\u00eb krizave q\u00eb kan\u00eb p\u00ebrfshir\u00eb bot\u00ebn, dimensionit t\u00eb bashk\u00ebbiseduesve t\u00eb tjer\u00eb, \u00ebsht\u00eb e nevojshme q\u00eb shtetet individuale evropiane t\u00eb nd\u00ebrgjegj\u00ebsohen n\u00eb nevoj\u00ebn p\u00ebr reagim gjithnj\u00eb e m\u00eb t\u00eb p\u00ebrbashk\u00ebt.<\/p>\n<p>Angazhimi q\u00eb synon nd\u00ebrtimin e &#8220;sht\u00ebpis\u00eb son\u00eb t\u00eb p\u00ebrbashk\u00ebt&#8221; mbi themele m\u00eb t\u00eb forta shqet\u00ebson dhe prek t\u00eb gjitha vendet, madje edhe ato q\u00eb jan\u00eb n\u00eb rrug\u00eb p\u00ebr t&#8217;u b\u00ebr\u00eb pjes\u00eb e saj.<\/p>\n<p>Nj\u00eb sip\u00ebrmarrje q\u00eb p\u00ebrfshin kryesisht asamblet\u00eb parlamentare.<\/p>\n<p>Aft\u00ebsia p\u00ebr t&#8217;u p\u00ebrballur me t\u00eb kaluar\u00ebn dhe p\u00ebr t\u00eb zgjidhur, n\u00eb frym\u00ebn evropiane, nyjet e shumta q\u00eb ekzistojn\u00eb ende n\u00eb k\u00ebt\u00eb rajon dhe e pengojn\u00eb at\u00eb t\u00eb zhvillohet n\u00eb potencialin e saj t\u00eb plot\u00eb, \u00ebsht\u00eb nj\u00eb kusht p\u00ebr hartimin e s\u00eb ardhmes.<\/p>\n<p>Maqedonia e Veriut, me zgjedhjet e saj t\u00eb guximshme, p\u00ebrmes dialogut dhe mir\u00ebkuptimit t\u00eb nd\u00ebrsjell\u00eb, tregoi rrug\u00ebn p\u00ebrpara p\u00ebr zgjidhjen e mosmarr\u00ebveshjeve t\u00eb vjetra.<\/p>\n<p>\u00cbsht\u00eb nj\u00eb metod\u00eb q\u00eb \u00ebsht\u00eb plot\u00ebsisht n\u00eb p\u00ebrputhje me vlerat dhe parimet e nj\u00eb Evrope t\u00eb bashkuar dhe q\u00eb shpresoj se do t\u00eb zbatohet edhe n\u00eb kontekste t\u00eb tjera.<\/p>\n<p>Po i referohem mbi t\u00eb gjitha situat\u00ebs n\u00eb Kosov\u00eb, ku shenjat inkurajuese t\u00eb jav\u00ebve t\u00eb fundit tregojn\u00eb se sa vendimtare \u00ebsht\u00eb p\u00ebr stabilitetin rajonal q\u00eb Beogradi dhe Prishtina t\u00eb rip\u00ebrt\u00ebrijn\u00eb me bindje dhe p\u00ebrkushtim dialogun e udh\u00ebhequr nga P\u00ebrfaq\u00ebsuesi i Lart\u00eb dhe i D\u00ebrguari i tij Special, duke u p\u00ebrmbajtur nga masa t\u00eb nj\u00ebanshme. Situata n\u00eb Bosnje Hercegovin\u00eb vazhdon t\u00eb shkaktoj\u00eb shqet\u00ebsim dhe frik\u00eb, ku prania e vazhdueshme e impulseve etno-nacionaliste pengon miratimin e reformave t\u00eb nevojshme p\u00ebr afrimin e vendit me Evrop\u00ebn.<\/p>\n<p>Zoti President,<\/p>\n<p>Zonja dhe zot\u00ebrinj deputet\u00eb,<\/p>\n<p>n\u00eb procesin e konsolidimit t\u00eb nj\u00eb rajoni me paqe, liri dhe zhvillim, i cili po kalon p\u00ebrmes integrimit progresiv t\u00eb Ballkanit Per\u00ebndimor n\u00eb Union, Italia dhe Evropa e din\u00eb se mund t\u00eb mb\u00ebshteten n\u00eb ato vende, si Maqedonia e Veriut, e cila jo vet\u00ebm q\u00eb diti si t\u00eb b\u00ebj\u00eb hapa t\u00eb v\u00ebshtira drejt rrug\u00ebs s\u00eb konsolidimit demokratik, por edhe tregoi vullnetin p\u00ebr t\u00eb zgjidhur \u00e7\u00ebshtjet komplekse t\u00eb trash\u00ebguara nga e kaluara me vendosm\u00ebri dhe n\u00eb p\u00ebrputhje me frym\u00ebn evropiane.<\/p>\n<p>Dhe pik\u00ebrisht me nj\u00eb v\u00ebshtrim t\u00eb sigurt p\u00ebr nj\u00eb t\u00eb ardhme t\u00eb p\u00ebrbashk\u00ebt dua t&#8217;ju fal\u00ebnderoj edhe nj\u00eb her\u00eb p\u00ebr nderin e lart\u00eb q\u00eb m\u00eb keni b\u00ebr\u00eb sot k\u00ebtu, t\u00eb cilin e konsideroj nj\u00eb shenj\u00eb shtes\u00eb miq\u00ebsie midis popujve tan\u00eb dhe midis vendeve tona.<\/p>\n<p>Faleminderit per v\u00ebmendjen.<\/p>\n","protected":false},"excerpt":{"rendered":"Zoti President i Republik\u00ebs, Zoti Kryetar i Kuvendit, Zoti Kryeminist\u00ebr, Zonja Kryetare e Gjykat\u00ebs Kushtetuese, Zonja dhe zot\u00ebrinj deputet\u00eb, Zonja dhe zot\u00ebrinj, Mund\u00ebsia p\u00ebr t\u00eb vizituar Maqedonin\u00eb e Veriut, fal\u00eb ftes\u00ebs s\u00eb Presidentit Pendarovski, dhe p\u00ebr t&#8217;ju drejtuar sot, p\u00ebr mua dhe p\u00ebr Republik\u00ebn Italiane, \u00ebsht\u00eb arsye p\u00ebr mir\u00ebnjohje dhe konfirmon miq\u00ebsin\u00eb q\u00eb bashkon vendet [&hellip;]","protected":false},"author":1,"featured_media":0,"comment_status":"","ping_status":"","sticky":false,"template":"","format":"standard","meta":{"footnotes":""},"tags":[],"class_list":["post-976","post","type-post","status-publish","format-standard","hentry"],"_links":{"self":[{"href":"https:\/\/ambskopje.esteri.it\/sq\/wp-json\/wp\/v2\/posts\/976","targetHints":{"allow":["GET"]}}],"collection":[{"href":"https:\/\/ambskopje.esteri.it\/sq\/wp-json\/wp\/v2\/posts"}],"about":[{"href":"https:\/\/ambskopje.esteri.it\/sq\/wp-json\/wp\/v2\/types\/post"}],"author":[{"embeddable":true,"href":"https:\/\/ambskopje.esteri.it\/sq\/wp-json\/wp\/v2\/users\/1"}],"replies":[{"embeddable":true,"href":"https:\/\/ambskopje.esteri.it\/sq\/wp-json\/wp\/v2\/comments?post=976"}],"version-history":[{"count":0,"href":"https:\/\/ambskopje.esteri.it\/sq\/wp-json\/wp\/v2\/posts\/976\/revisions"}],"wp:attachment":[{"href":"https:\/\/ambskopje.esteri.it\/sq\/wp-json\/wp\/v2\/media?parent=976"}],"wp:term":[{"taxonomy":"post_tag","embeddable":true,"href":"https:\/\/ambskopje.esteri.it\/sq\/wp-json\/wp\/v2\/tags?post=976"}],"curies":[{"name":"wp","href":"https:\/\/api.w.org\/{rel}","templated":true}]}}