{"id":944,"date":"2022-10-31T06:37:20","date_gmt":"2022-10-31T05:37:20","guid":{"rendered":"https:\/\/ambskopje.esteri.it\/news\/dall_ambasciata\/2022\/10\/prenotare-un-appuntamento-presso-2\/"},"modified":"2022-10-31T06:37:20","modified_gmt":"2022-10-31T05:37:20","slug":"prenotare-un-appuntamento-presso-2","status":"publish","type":"post","link":"https:\/\/ambskopje.esteri.it\/sq\/news\/dall_ambasciata\/2022\/10\/prenotare-un-appuntamento-presso-2\/","title":{"rendered":"Prenotoni nj\u00eb termin n\u00eb Zyr\u00ebn Konsullore"},"content":{"rendered":"<p>Nga data 1 N\u00ebntor 2022 \u00ebsht\u00eb e mundur t\u00eb rezervoni termin n\u00eb Zyr\u00ebn Konsullore\/Vizave t\u00eb Ambasad\u00ebs Italiane n\u00eb Shkup. Rezervimet mund t\u00eb b\u00ebhen duke hyr\u00eb n\u00eb portalin Prenot@Mi: <a href=\"https:\/\/prenotami.esteri.it\">https:\/\/prenotami.esteri.it<\/a>, n\u00eb p\u00ebrputhje me orarin e hapjes s\u00eb Ambasad\u00ebs p\u00ebr publikun. Kujtojm\u00eb p\u00ebrdoruesit se rezervimi \u00ebsht\u00eb nj\u00eb mjet p\u00ebr thjeshtimin e veprimtaris\u00eb organizative dhe se, p\u00ebrve\u00e7 arsyeve urgjente dhe mund\u00ebsie, takimet e b\u00ebra me rezervim p\u00ebrmes portalit Prenot@Mi do t\u00eb menaxhohen me prioritet.<\/p>\n<p><strong>KUJDES: T\u00eb interesuarit njoftohen se Ambasada nuk p\u00ebrdor\u00eb agjenci t\u00eb jashtme p\u00ebr p\u00ebrpunimin e procedurave t\u00eb vizave. K\u00ebrkesa p\u00ebr takim, p\u00ebr aplikim \u00ebsht\u00eb e leht\u00eb dhe falas, p\u00ebrmes programit <a href=\"mailto:Prenot@mi\">Prenot@mi<\/a> q\u00eb sapo p\u00ebrmend\u00ebm. P\u00ebr m\u00eb tep\u00ebr, \u00ebsht\u00eb gjithmon\u00eb e mundur t\u00eb k\u00ebrkosh informacion nga Seksioni Konsullor i Ambasad\u00ebs, me email ose duke telefonuar gjat\u00eb orarit t\u00eb pritjes s\u00eb telefonatave.<\/strong><\/p>\n<p><strong>Formular\u00ebt, q\u00eb duhet t\u00eb plot\u00ebsohen n\u00eb nj\u00eb kopje dhe me shkronja latine, jan\u00eb falas dhe mund t\u00eb shkarkohen nga seksioni <a href=\"it\/in_linea_con_utente\/modulistica\">Modulistica<\/a>. E vetmja pages\u00eb q\u00eb duhet b\u00ebr\u00eb \u00ebsht\u00eb ajo e viz\u00ebs (<a href=\"resource\/doc\/2023\/01\/tabela_prezzi_-_visti-albanese1.docx\">shih tabelen e \u00e7mim\u00ebve)<\/a>, e cila duhet t\u00eb paguhet n\u00eb Ambasad\u00eb gjat\u00eb paraqitjes s\u00eb aplikimit n\u00eb monedh\u00ebn vendase.<\/strong><\/p>\n","protected":false},"excerpt":{"rendered":"Nga data 1 N\u00ebntor 2022 \u00ebsht\u00eb e mundur t\u00eb rezervoni termin n\u00eb Zyr\u00ebn Konsullore\/Vizave t\u00eb Ambasad\u00ebs Italiane n\u00eb Shkup. Rezervimet mund t\u00eb b\u00ebhen duke hyr\u00eb n\u00eb portalin Prenot@Mi: https:\/\/prenotami.esteri.it, n\u00eb p\u00ebrputhje me orarin e hapjes s\u00eb Ambasad\u00ebs p\u00ebr publikun. Kujtojm\u00eb p\u00ebrdoruesit se rezervimi \u00ebsht\u00eb nj\u00eb mjet p\u00ebr thjeshtimin e veprimtaris\u00eb organizative dhe se, p\u00ebrve\u00e7 arsyeve [&hellip;]","protected":false},"author":1,"featured_media":0,"comment_status":"","ping_status":"","sticky":false,"template":"","format":"standard","meta":{"footnotes":""},"tags":[],"class_list":["post-944","post","type-post","status-publish","format-standard","hentry"],"_links":{"self":[{"href":"https:\/\/ambskopje.esteri.it\/sq\/wp-json\/wp\/v2\/posts\/944","targetHints":{"allow":["GET"]}}],"collection":[{"href":"https:\/\/ambskopje.esteri.it\/sq\/wp-json\/wp\/v2\/posts"}],"about":[{"href":"https:\/\/ambskopje.esteri.it\/sq\/wp-json\/wp\/v2\/types\/post"}],"author":[{"embeddable":true,"href":"https:\/\/ambskopje.esteri.it\/sq\/wp-json\/wp\/v2\/users\/1"}],"replies":[{"embeddable":true,"href":"https:\/\/ambskopje.esteri.it\/sq\/wp-json\/wp\/v2\/comments?post=944"}],"version-history":[{"count":0,"href":"https:\/\/ambskopje.esteri.it\/sq\/wp-json\/wp\/v2\/posts\/944\/revisions"}],"wp:attachment":[{"href":"https:\/\/ambskopje.esteri.it\/sq\/wp-json\/wp\/v2\/media?parent=944"}],"wp:term":[{"taxonomy":"post_tag","embeddable":true,"href":"https:\/\/ambskopje.esteri.it\/sq\/wp-json\/wp\/v2\/tags?post=944"}],"curies":[{"name":"wp","href":"https:\/\/api.w.org\/{rel}","templated":true}]}}