{"id":930,"date":"2023-01-18T19:33:06","date_gmt":"2023-01-18T18:33:06","guid":{"rendered":"https:\/\/ambskopje.esteri.it\/news\/dall_ambasciata\/2023\/01\/inaugurazione-alla-nuova-2023-anno-2\/"},"modified":"2023-01-18T19:33:06","modified_gmt":"2023-01-18T18:33:06","slug":"inaugurazione-alla-nuova-2023-anno-2","status":"publish","type":"post","link":"https:\/\/ambskopje.esteri.it\/sq\/news\/dall_ambasciata\/2023\/01\/inaugurazione-alla-nuova-2023-anno-2\/","title":{"rendered":"Inaugurimi 2023 &#8211; Viti i kremtimit t\u00eb 30 vjetorit t\u00eb marr\u00ebdh\u00ebnieve diplomatike midis Italis\u00eb dhe Maqedonis\u00eb s\u00eb Veriut"},"content":{"rendered":"<p>Ambasadori Andrea Silvestri organizoi nj\u00eb takim n\u00eb fillim t\u00eb vitit n\u00eb rezidenc\u00ebn e tij ku mor\u00ebn pjes\u00eb kryeministri Dimitar Kova\u00e7evski, s\u00eb bashku me z\u00ebvend\u00ebskryeministrin p\u00ebr \u00e7\u00ebshtje ekonomike Fatmir Bytyqi dhe z\u00ebvend\u00ebskryeministren p\u00ebr qeverisje t\u00eb mir\u00eb Slavica Grkovska, ministri i Sh\u00ebndet\u00ebsis\u00eb Bekim Sali, Guvernatoren Anita Angelovska-Bezoska dhe p\u00ebrfaq\u00ebsuesve t\u00eb institucioneve ekonomike dhe kulturore t\u00eb Maqedonis\u00eb s\u00eb Veriut, si dhe p\u00ebrfaq\u00ebsues t\u00eb shoqatave italiane t\u00eb pranishme n\u00eb vend dhe t\u00eb trupit diplomatik dhe organizatave nd\u00ebrkomb\u00ebtare.<\/p>\n<p>Viti 2023 do t\u00eb jet\u00eb nj\u00eb vit i ve\u00e7ant\u00eb, theksoi ambasadori &#8211; sepse 16 dhjetori i k\u00ebtij viti do t\u00eb sh\u00ebnoj\u00eb 30 vjetorin e marr\u00ebdh\u00ebnieve diplomatike mes dy vendeve tona. Nj\u00eb p\u00ebrvjetor q\u00eb synojm\u00eb ta festojm\u00eb me nj\u00eb s\u00ebr\u00eb eventesh t\u00eb ve\u00e7anta, p\u00ebrve\u00e7 atyre t\u00eb organizuara tradicionalisht (jav\u00ebt e gjuh\u00ebs, kinemas\u00eb, kuzhin\u00ebs, Dita e Dizajnit Italian). Ngjarjet q\u00eb do t\u00eb variojn\u00eb nga muzika te k\u00ebrcimi, nga teatri te ekspozitat, nga kultura te moda, por do t\u00eb p\u00ebrfshijn\u00eb edhe takime ekonomiko-tregtare dhe iniciativa kushtuar temave m\u00eb aktuale n\u00eb zhvillim. Lidhja e p\u00ebrbashk\u00ebt do t\u00eb jet\u00eb miq\u00ebsia autentike q\u00eb ka dalluar gjithmon\u00eb marr\u00ebdh\u00ebniet mes qeverive, institucioneve dhe popujve t\u00eb Italis\u00eb dhe Maqedonis\u00eb s\u00eb Veriut. Silvestri kujtoi se prioriteti q\u00eb i atribuohet rajonit t\u00eb Ballkanit Per\u00ebndimor u riafirmua menj\u00ebher\u00eb n\u00eb disa raste nga qeveria e re e drejtuar nga presidenti Meloni dhe d\u00ebshmi p\u00ebr k\u00ebt\u00eb \u00ebsht\u00eb Konferenca e organizuar nga z\u00ebvend\u00ebskryeministri Tajani jav\u00ebn e ardhshme n\u00eb Trieste. N\u00eb k\u00ebt\u00eb kontekst, konfirmohet v\u00ebmendja e plot\u00eb e Italis\u00eb ndaj Maqedonis\u00eb s\u00eb Veriut dhe mb\u00ebshtetja e fort\u00eb p\u00ebr integrimin evropian t\u00eb vendit dhe zhvillimin e marr\u00ebdh\u00ebnieve dypal\u00ebshe, edhe p\u00ebrmes vizitave t\u00eb reja n\u00eb nivel politik, pas vizit\u00ebs zyrtare t\u00eb presidentit Mattarella vitin e kaluar.<\/p>\n<p>E gjith\u00eb kjo, n\u00eb kuad\u00ebr t\u00eb nj\u00eb bashk\u00ebpunimi t\u00eb gjithansh\u00ebm, i cili tashm\u00eb p\u00ebrfshin partneritete t\u00eb shumta n\u00eb fushat e mjedisit, bujq\u00ebsis\u00eb s\u00eb q\u00ebndrueshme, mbrojtjes dhe pun\u00ebve t\u00eb brendshme, shtetit t\u00eb s\u00eb drejt\u00ebs, arsimit, universiteteve, kultur\u00ebs etj. Nj\u00eb bashk\u00ebpunim q\u00eb p\u00ebrfiton edhe nga ekzistenca e nj\u00eb diaspore t\u00eb madhe maqedonase n\u00eb Itali dhe e Asociacionit t\u00eb \u2018\u2019Alumni\u201d t\u00eb promovuar nga Selia p\u00ebr t\u00eb mos humbur p\u00ebrvojat e shum\u00eb qytetar\u00ebve maqedonas q\u00eb kan\u00eb studiuar n\u00eb universitetet tona. Shkurtimisht, nj\u00eb marr\u00ebdh\u00ebnie &#8211; p\u00ebrfundoi Ambasadori &#8211; q\u00eb d\u00ebshmohet t\u00eb jet\u00eb gjithnj\u00eb e m\u00eb e r\u00ebnd\u00ebsishme, edhe n\u00eb kontekstin aktual t\u00eb sfidave &#8211; t\u00eb brendshme dhe t\u00eb jashtme &#8211; me t\u00eb cilat po p\u00ebrballet Maqedonia e Veriut dhe q\u00eb do ta shoh\u00eb gjithmon\u00eb Italin\u00eb n\u00eb krah t\u00eb saj, edhe n\u00eb rrug\u00ebtimin e saj t\u00eb eurointegrimeve.<\/p>\n<p>Nj\u00eb rol ai i Italis\u00eb, i njohur plot\u00ebsisht edhe nga kryeministri Kova\u00e7evski. Italia \u00ebsht\u00eb partneri dhe mb\u00ebshtet\u00ebsi yn\u00eb i bindur &#8211; tha Kryeministri &#8211; n\u00eb proceset tona reformuese dhe eurointegruese. Bashk\u00ebpunimi yn\u00eb shum\u00eb i gjat\u00eb &#8211; shtoi ai &#8211; do t\u00eb vazhdoj\u00eb n\u00eb drejtim t\u00eb p\u00ebrmir\u00ebsimit t\u00eb marr\u00ebdh\u00ebnieve dypal\u00ebshe mes dy vendeve. N\u00eb k\u00ebt\u00eb drejtim, Kova\u00e7evski n\u00eb fund shprehu mir\u00ebnjohjen e tij t\u00eb sinqert\u00eb p\u00ebr gjith\u00e7ka q\u00eb ka b\u00ebr\u00eb dhe po b\u00ebn Ambasada, n\u00ebn drejtimin e Ambasadorit Silvestri.<\/p>\n","protected":false},"excerpt":{"rendered":"Ambasadori Andrea Silvestri organizoi nj\u00eb takim n\u00eb fillim t\u00eb vitit n\u00eb rezidenc\u00ebn e tij ku mor\u00ebn pjes\u00eb kryeministri Dimitar Kova\u00e7evski, s\u00eb bashku me z\u00ebvend\u00ebskryeministrin p\u00ebr \u00e7\u00ebshtje ekonomike Fatmir Bytyqi dhe z\u00ebvend\u00ebskryeministren p\u00ebr qeverisje t\u00eb mir\u00eb Slavica Grkovska, ministri i Sh\u00ebndet\u00ebsis\u00eb Bekim Sali, Guvernatoren Anita Angelovska-Bezoska dhe p\u00ebrfaq\u00ebsuesve t\u00eb institucioneve ekonomike dhe kulturore t\u00eb Maqedonis\u00eb s\u00eb [&hellip;]","protected":false},"author":1,"featured_media":0,"comment_status":"","ping_status":"","sticky":false,"template":"","format":"standard","meta":{"footnotes":""},"tags":[],"class_list":["post-930","post","type-post","status-publish","format-standard","hentry"],"_links":{"self":[{"href":"https:\/\/ambskopje.esteri.it\/sq\/wp-json\/wp\/v2\/posts\/930","targetHints":{"allow":["GET"]}}],"collection":[{"href":"https:\/\/ambskopje.esteri.it\/sq\/wp-json\/wp\/v2\/posts"}],"about":[{"href":"https:\/\/ambskopje.esteri.it\/sq\/wp-json\/wp\/v2\/types\/post"}],"author":[{"embeddable":true,"href":"https:\/\/ambskopje.esteri.it\/sq\/wp-json\/wp\/v2\/users\/1"}],"replies":[{"embeddable":true,"href":"https:\/\/ambskopje.esteri.it\/sq\/wp-json\/wp\/v2\/comments?post=930"}],"version-history":[{"count":0,"href":"https:\/\/ambskopje.esteri.it\/sq\/wp-json\/wp\/v2\/posts\/930\/revisions"}],"wp:attachment":[{"href":"https:\/\/ambskopje.esteri.it\/sq\/wp-json\/wp\/v2\/media?parent=930"}],"wp:term":[{"taxonomy":"post_tag","embeddable":true,"href":"https:\/\/ambskopje.esteri.it\/sq\/wp-json\/wp\/v2\/tags?post=930"}],"curies":[{"name":"wp","href":"https:\/\/api.w.org\/{rel}","templated":true}]}}