{"id":918,"date":"2023-01-19T15:51:06","date_gmt":"2023-01-19T14:51:06","guid":{"rendered":"https:\/\/ambskopje.esteri.it\/news\/dall_ambasciata\/2023\/01\/presentazione-delle-attivita-di-2\/"},"modified":"2023-01-19T15:51:06","modified_gmt":"2023-01-19T14:51:06","slug":"presentazione-delle-attivita-di-2","status":"publish","type":"post","link":"https:\/\/ambskopje.esteri.it\/sq\/news\/dall_ambasciata\/2023\/01\/presentazione-delle-attivita-di-2\/","title":{"rendered":"Prezantimi i aktiviteteve t\u00eb Konfindustria e Maqedonis\u00eb s\u00eb Veriut dhe mund\u00ebsia e bashk\u00ebpunimit me Odat Ekonomike\u00a0"},"content":{"rendered":"<p>Dje, m\u00eb 18 janar, Sekretari i Par\u00eb Dr. Mario De Rosa, n\u00eb prani t\u00eb shefave t\u00eb kabinet\u00ebve t\u00eb Z\u00ebvend\u00ebskryeministrit p\u00ebr \u00c7\u00ebshtje Ekonomike dhe t\u00eb Ministris\u00eb s\u00eb Bujq\u00ebsis\u00eb, K\u00ebshilltarit Shtet\u00ebror n\u00eb Ministrin\u00eb e Sh\u00ebndet\u00ebsis\u00eb, Ambasadorit Topalovski, drejtor p\u00ebr diplomacin\u00eb publike dhe ekonomike, e kryetar\u00ebve t\u00eb Dhomave Ekonomike t\u00eb pranishme n\u00eb Maqedonin\u00eb e Veriut si dhe e nj\u00eb grupi t\u00eb madh kompanish italiane, eksponent\u00eb t\u00eb bot\u00ebs afariste dhe ekonomike maqedonase q\u00eb mbajn\u00eb marr\u00ebdh\u00ebnie t\u00eb ngushta me Italin\u00eb, ekspozoi disa nga prioritetet e Qeveris\u00eb s\u00eb Re n\u00eb lidhje me politik\u00ebn tregtare t\u00eb Italis\u00eb n\u00eb Ballkan dhe Maqedonin\u00eb e Veriut,q\u00eb gjithnj\u00eb e m\u00eb shum\u00eb perceptohen si nj\u00eb kontekst mund\u00ebsie n\u00eb perspektiv\u00ebn e rialokimit t\u00eb zinxhir\u00ebve global t\u00eb vler\u00ebs.<\/p>\n<p>N\u00eb k\u00ebt\u00eb k\u00ebndv\u00ebshtrim, duke kujtuar aktivitetin promovues t\u00eb integruar t\u00eb b\u00ebr\u00eb nga Ambasada Italiane dhe qendra e Korrespondenc\u00ebs ITA, e cila ka b\u00ebr\u00eb t\u00eb mundur q\u00eb vitet e fundit t\u00eb hedh\u00eb drit\u00eb mbi ekselenc\u00ebn sip\u00ebrmarr\u00ebse t\u00eb vendit ton\u00eb, Sekretari i Par\u00eb kujtoi se si n\u00eb strategjin\u00eb n\u00eb nivel komb\u00ebtar, nj\u00eb partner i r\u00ebnd\u00ebsish\u00ebm \u00ebsht\u00eb edhe bota e kompanive private dhe m\u00eb sakt\u00eb Konfindustria. N\u00eb k\u00ebt\u00eb drejtim, duke kujtuar edhe iniciativat e fundit t\u00eb organizuara nga Ambasada n\u00eb bashk\u00ebpunim me Konfindustrin\u00eb e Maqedonis\u00eb s\u00eb Veriut, u urua nj\u00eb mb\u00ebshtetje gjithnj\u00eb e m\u00eb e madhe t\u00eb Dhomave t\u00eb Tregtis\u00eb lokale, me synimin p\u00ebr rritjen e tregtis\u00eb nd\u00ebrmjet dy vendeve, t\u00eb bashkuar nga Korridori VIII dhe tradicionalisht e lidhur me lidhje t\u00eb thella miq\u00ebsie si\u00e7 d\u00ebshmohet nga mb\u00ebshtetja q\u00eb Italia ka rezervuar gjithmon\u00eb p\u00ebr perspektiv\u00ebn euroatlantike t\u00eb Maqedonis\u00eb s\u00eb Veriut.<\/p>\n<p>Aktivitetet tashm\u00eb t\u00eb zbatuara dhe objektivat strategjike t\u00eb Konfindustris\u00eb s\u00eb Maqedonis\u00eb s\u00eb Veriut u prezantuan m\u00eb pas drejtp\u00ebrdrejt nga presidenti Riccardo Rainone, i cili fal\u00ebnderoi Ambasad\u00ebn dhe sistemin e Vendit p\u00ebr rezultatet e arritura tashm\u00eb n\u00eb pak muaj nga fillimi i mandatit t\u00eb tij. M\u00eb n\u00eb fund, pati nj\u00eb moment t\u00eb k\u00ebndsh\u00ebm kushtuar rrjetizimit.<\/p>\n","protected":false},"excerpt":{"rendered":"Dje, m\u00eb 18 janar, Sekretari i Par\u00eb Dr. Mario De Rosa, n\u00eb prani t\u00eb shefave t\u00eb kabinet\u00ebve t\u00eb Z\u00ebvend\u00ebskryeministrit p\u00ebr \u00c7\u00ebshtje Ekonomike dhe t\u00eb Ministris\u00eb s\u00eb Bujq\u00ebsis\u00eb, K\u00ebshilltarit Shtet\u00ebror n\u00eb Ministrin\u00eb e Sh\u00ebndet\u00ebsis\u00eb, Ambasadorit Topalovski, drejtor p\u00ebr diplomacin\u00eb publike dhe ekonomike, e kryetar\u00ebve t\u00eb Dhomave Ekonomike t\u00eb pranishme n\u00eb Maqedonin\u00eb e Veriut si dhe e [&hellip;]","protected":false},"author":1,"featured_media":0,"comment_status":"","ping_status":"","sticky":false,"template":"","format":"standard","meta":{"footnotes":""},"tags":[],"class_list":["post-918","post","type-post","status-publish","format-standard","hentry"],"_links":{"self":[{"href":"https:\/\/ambskopje.esteri.it\/sq\/wp-json\/wp\/v2\/posts\/918","targetHints":{"allow":["GET"]}}],"collection":[{"href":"https:\/\/ambskopje.esteri.it\/sq\/wp-json\/wp\/v2\/posts"}],"about":[{"href":"https:\/\/ambskopje.esteri.it\/sq\/wp-json\/wp\/v2\/types\/post"}],"author":[{"embeddable":true,"href":"https:\/\/ambskopje.esteri.it\/sq\/wp-json\/wp\/v2\/users\/1"}],"replies":[{"embeddable":true,"href":"https:\/\/ambskopje.esteri.it\/sq\/wp-json\/wp\/v2\/comments?post=918"}],"version-history":[{"count":0,"href":"https:\/\/ambskopje.esteri.it\/sq\/wp-json\/wp\/v2\/posts\/918\/revisions"}],"wp:attachment":[{"href":"https:\/\/ambskopje.esteri.it\/sq\/wp-json\/wp\/v2\/media?parent=918"}],"wp:term":[{"taxonomy":"post_tag","embeddable":true,"href":"https:\/\/ambskopje.esteri.it\/sq\/wp-json\/wp\/v2\/tags?post=918"}],"curies":[{"name":"wp","href":"https:\/\/api.w.org\/{rel}","templated":true}]}}