{"id":2712,"date":"2016-11-08T19:02:05","date_gmt":"2016-11-08T18:02:05","guid":{"rendered":"https:\/\/ambskopje.esteri.it\/news\/dall_ambasciata\/2016\/11\/incontro-dell-ambasciatore-romeo-2\/"},"modified":"2016-11-08T19:02:05","modified_gmt":"2016-11-08T18:02:05","slug":"incontro-dell-ambasciatore-romeo-2","status":"publish","type":"post","link":"https:\/\/ambskopje.esteri.it\/sq\/news\/dall_ambasciata\/2016\/11\/incontro-dell-ambasciatore-romeo-2\/","title":{"rendered":"Ambasadori Romeo n\u00eb takim miq\u00ebsor me Kryetaren e Komun\u00ebs s\u00eb Tetov\u00ebs, Teuta Arifi"},"content":{"rendered":"<p>Ambasadori Romeo n\u00eb takim miq\u00ebsor me Kryetaren e Komun\u00ebs s\u00eb Tetov\u00ebs, Teuta Arifi. U theksuan mund\u00ebsit\u00eb p\u00ebr ta thelluar promovimin e gjuh\u00ebs dhe kultur\u00ebs italiane n\u00eb saj\u00eb t\u00eb &#8220;K\u00ebndit &#8216;italian&#8221; i krijuar n\u00eb Komun\u00ebn e qytetit.<\/p>\n","protected":false},"excerpt":{"rendered":"Ambasadori Romeo n\u00eb takim miq\u00ebsor me Kryetaren e Komun\u00ebs s\u00eb Tetov\u00ebs, Teuta Arifi. U theksuan mund\u00ebsit\u00eb p\u00ebr ta thelluar promovimin e gjuh\u00ebs dhe kultur\u00ebs italiane n\u00eb saj\u00eb t\u00eb &#8220;K\u00ebndit &#8216;italian&#8221; i krijuar n\u00eb Komun\u00ebn e qytetit.","protected":false},"author":1,"featured_media":0,"comment_status":"","ping_status":"","sticky":false,"template":"","format":"standard","meta":{"footnotes":""},"tags":[],"class_list":["post-2712","post","type-post","status-publish","format-standard","hentry"],"_links":{"self":[{"href":"https:\/\/ambskopje.esteri.it\/sq\/wp-json\/wp\/v2\/posts\/2712","targetHints":{"allow":["GET"]}}],"collection":[{"href":"https:\/\/ambskopje.esteri.it\/sq\/wp-json\/wp\/v2\/posts"}],"about":[{"href":"https:\/\/ambskopje.esteri.it\/sq\/wp-json\/wp\/v2\/types\/post"}],"author":[{"embeddable":true,"href":"https:\/\/ambskopje.esteri.it\/sq\/wp-json\/wp\/v2\/users\/1"}],"replies":[{"embeddable":true,"href":"https:\/\/ambskopje.esteri.it\/sq\/wp-json\/wp\/v2\/comments?post=2712"}],"version-history":[{"count":0,"href":"https:\/\/ambskopje.esteri.it\/sq\/wp-json\/wp\/v2\/posts\/2712\/revisions"}],"wp:attachment":[{"href":"https:\/\/ambskopje.esteri.it\/sq\/wp-json\/wp\/v2\/media?parent=2712"}],"wp:term":[{"taxonomy":"post_tag","embeddable":true,"href":"https:\/\/ambskopje.esteri.it\/sq\/wp-json\/wp\/v2\/tags?post=2712"}],"curies":[{"name":"wp","href":"https:\/\/api.w.org\/{rel}","templated":true}]}}