{"id":2543,"date":"2018-01-31T16:20:08","date_gmt":"2018-01-31T15:20:08","guid":{"rendered":"https:\/\/ambskopje.esteri.it\/news\/dall_ambasciata\/2018\/01\/incontro-tra-i-ministri-degli-esteri_0-2\/"},"modified":"2018-01-31T16:20:08","modified_gmt":"2018-01-31T15:20:08","slug":"incontro-tra-i-ministri-degli-esteri_0-2","status":"publish","type":"post","link":"https:\/\/ambskopje.esteri.it\/sq\/news\/dall_ambasciata\/2018\/01\/incontro-tra-i-ministri-degli-esteri_0-2\/","title":{"rendered":"Takim mes ministrave t\u00eb Pun\u00ebve t\u00eb Jashtme Alfano dhe Dimitrov (Rom\u00eb, 29 janar 2018)"},"content":{"rendered":"<p>Ministri i Pun\u00ebve t\u00eb Jashtme dhe Bashk\u00ebpunimit Nd\u00ebrkomb\u00ebtar, Anxhelino Alfano, ka takuar Ministrin e Pun\u00ebve t\u00eb Jashtme t\u00eb Maqedonis\u00eb, Nikola Dimitrov, n\u00eb kuad\u00ebr t\u00eb Konferenc\u00ebs Nd\u00ebrkomb\u00ebtare \u201con the Responsibility of States, Institutions and Individuals in the Fight against Anti-Semitism in the OSCE Area\u201d t\u00eb mbajtur n\u00eb Rom\u00eb m\u00eb 29 janar, nj\u00eb eveniment q\u00eb festoi fillimin e Presidenc\u00ebs italiane t\u00eb OSBE-s\u00eb.<\/p>\n<p>Gjat\u00eb takimit t\u00eb p\u00ebrzem\u00ebrt, Z. Minist\u00ebr e konfirmoi mb\u00ebshtetjen e Italis\u00eb p\u00ebr procesin e reformave t\u00eb brendshme t\u00eb iniciuar nga qeveria maqedonase, si dhe n\u00eb p\u00ebrgjith\u00ebsi, p\u00ebr procesin e integrimit euro-atlantik t\u00eb vendit.<\/p>\n<p>Ministri Dimitrov fal\u00ebnderoi dhe e kujtoi me mir\u00ebnjohje Samitin n\u00eb Trieste t\u00eb Ballkanit Per\u00ebndimor n\u00eb korrik 2017 ( &#8220;eveniment i r\u00ebnd\u00ebsish\u00ebm dhe i mbushur me rezultate konkrete&#8221;) dhe angazhimin e fort\u00eb t\u00eb Italis\u00eb si dhe angazhimin personal t\u00eb Ministrit Alfano n\u00eb at\u00eb rast.<\/p>\n<p>U p\u00ebrkujtuan zhvillimet e m\u00ebdha t\u00eb arritura n\u00eb marr\u00ebveshjen dypal\u00ebshe me Bullgarin\u00eb dhe p\u00ebrkushtimin e fort\u00eb t\u00eb Shkupit n\u00eb negociatat me Athin\u00ebn p\u00ebr zgjidhjen e \u00e7\u00ebshtjes s\u00eb emrit, hap q\u00eb do t\u00eb jet\u00eb &#8221; me r\u00ebnd\u00ebsi historike&#8221;, do t\u00eb garantoj\u00eb nj\u00eb nxitje t\u00eb procesit t\u00eb integrimit euro -atlantik dhe do t\u00eb forcoj\u00eb n\u00eb m\u00ebnyr\u00eb t\u00eb r\u00ebnd\u00ebsishme stabilitetin e rajonit.<\/p>\n<p>T\u00eb dy ministrat gjithashtu ran\u00eb dakord ta forcojn\u00eb bashk\u00ebpunimin tashm\u00eb t\u00eb shk\u00eblqyer kulturor, ve\u00e7an\u00ebrisht n\u00eb fush\u00ebn e promovimit t\u00eb gjuh\u00ebs italiane.<\/p>\n","protected":false},"excerpt":{"rendered":"Ministri i Pun\u00ebve t\u00eb Jashtme dhe Bashk\u00ebpunimit Nd\u00ebrkomb\u00ebtar, Anxhelino Alfano, ka takuar Ministrin e Pun\u00ebve t\u00eb Jashtme t\u00eb Maqedonis\u00eb, Nikola Dimitrov, n\u00eb kuad\u00ebr t\u00eb Konferenc\u00ebs Nd\u00ebrkomb\u00ebtare \u201con the Responsibility of States, Institutions and Individuals in the Fight against Anti-Semitism in the OSCE Area\u201d t\u00eb mbajtur n\u00eb Rom\u00eb m\u00eb 29 janar, nj\u00eb eveniment q\u00eb festoi fillimin [&hellip;]","protected":false},"author":1,"featured_media":0,"comment_status":"","ping_status":"","sticky":false,"template":"","format":"standard","meta":{"footnotes":""},"tags":[],"class_list":["post-2543","post","type-post","status-publish","format-standard","hentry"],"_links":{"self":[{"href":"https:\/\/ambskopje.esteri.it\/sq\/wp-json\/wp\/v2\/posts\/2543","targetHints":{"allow":["GET"]}}],"collection":[{"href":"https:\/\/ambskopje.esteri.it\/sq\/wp-json\/wp\/v2\/posts"}],"about":[{"href":"https:\/\/ambskopje.esteri.it\/sq\/wp-json\/wp\/v2\/types\/post"}],"author":[{"embeddable":true,"href":"https:\/\/ambskopje.esteri.it\/sq\/wp-json\/wp\/v2\/users\/1"}],"replies":[{"embeddable":true,"href":"https:\/\/ambskopje.esteri.it\/sq\/wp-json\/wp\/v2\/comments?post=2543"}],"version-history":[{"count":0,"href":"https:\/\/ambskopje.esteri.it\/sq\/wp-json\/wp\/v2\/posts\/2543\/revisions"}],"wp:attachment":[{"href":"https:\/\/ambskopje.esteri.it\/sq\/wp-json\/wp\/v2\/media?parent=2543"}],"wp:term":[{"taxonomy":"post_tag","embeddable":true,"href":"https:\/\/ambskopje.esteri.it\/sq\/wp-json\/wp\/v2\/tags?post=2543"}],"curies":[{"name":"wp","href":"https:\/\/api.w.org\/{rel}","templated":true}]}}