{"id":2511,"date":"2018-04-22T20:43:29","date_gmt":"2018-04-22T18:43:29","guid":{"rendered":"https:\/\/ambskopje.esteri.it\/news\/dall_ambasciata\/2018\/04\/dichiarazioni-del-ministro-alfano-2\/"},"modified":"2018-04-22T20:43:29","modified_gmt":"2018-04-22T18:43:29","slug":"dichiarazioni-del-ministro-alfano-2","status":"publish","type":"post","link":"https:\/\/ambskopje.esteri.it\/sq\/news\/dall_ambasciata\/2018\/04\/dichiarazioni-del-ministro-alfano-2\/","title":{"rendered":"Deklarata e Ministrit Alfano mbi rekomandimin pozitiv t\u00eb Komisionit Evropian p\u00ebr hapjen e negociatave p\u00ebr pranimin e Maqedonis\u00eb."},"content":{"rendered":"<p>Ministri i Pun\u00ebve t\u00eb Jashtme dhe Bashk\u00ebpunimit Nd\u00ebrkomb\u00ebtar, Anxhelino Alfano, u shpreh p\u00ebr rekomandimin pozitiv t\u00eb fundit t\u00eb Komisionit Europian p\u00ebr hapjen e negociatave me Shqip\u00ebrin\u00eb dhe Maqedonin\u00eb p\u00ebr an\u00ebtar\u00ebsim n\u00eb Bashkimin Evropian.<\/p>\n<p><a href=\"https:\/\/www.esteri.it\/mae\/it\/sala_stampa\/archivionotizie\/comunicati\/apertura-dei-negoziati-di-adesione-all-unione-europea-con-l-albania-e-con-l-ex-repubblica-yugoslava-di-macedonia.html\">https:\/\/www.esteri.it\/mae\/it\/sala_stampa\/archivionotizie\/comunicati\/apertura-dei-negoziati-di-adesione-all-unione-europea-con-l-albania-e-con-l-ex-repubblica-yugoslava-di-macedonia.html<\/a><\/p>\n","protected":false},"excerpt":{"rendered":"Ministri i Pun\u00ebve t\u00eb Jashtme dhe Bashk\u00ebpunimit Nd\u00ebrkomb\u00ebtar, Anxhelino Alfano, u shpreh p\u00ebr rekomandimin pozitiv t\u00eb fundit t\u00eb Komisionit Europian p\u00ebr hapjen e negociatave me Shqip\u00ebrin\u00eb dhe Maqedonin\u00eb p\u00ebr an\u00ebtar\u00ebsim n\u00eb Bashkimin Evropian. https:\/\/www.esteri.it\/mae\/it\/sala_stampa\/archivionotizie\/comunicati\/apertura-dei-negoziati-di-adesione-all-unione-europea-con-l-albania-e-con-l-ex-repubblica-yugoslava-di-macedonia.html","protected":false},"author":1,"featured_media":0,"comment_status":"","ping_status":"","sticky":false,"template":"","format":"standard","meta":{"footnotes":""},"tags":[],"class_list":["post-2511","post","type-post","status-publish","format-standard","hentry"],"_links":{"self":[{"href":"https:\/\/ambskopje.esteri.it\/sq\/wp-json\/wp\/v2\/posts\/2511","targetHints":{"allow":["GET"]}}],"collection":[{"href":"https:\/\/ambskopje.esteri.it\/sq\/wp-json\/wp\/v2\/posts"}],"about":[{"href":"https:\/\/ambskopje.esteri.it\/sq\/wp-json\/wp\/v2\/types\/post"}],"author":[{"embeddable":true,"href":"https:\/\/ambskopje.esteri.it\/sq\/wp-json\/wp\/v2\/users\/1"}],"replies":[{"embeddable":true,"href":"https:\/\/ambskopje.esteri.it\/sq\/wp-json\/wp\/v2\/comments?post=2511"}],"version-history":[{"count":0,"href":"https:\/\/ambskopje.esteri.it\/sq\/wp-json\/wp\/v2\/posts\/2511\/revisions"}],"wp:attachment":[{"href":"https:\/\/ambskopje.esteri.it\/sq\/wp-json\/wp\/v2\/media?parent=2511"}],"wp:term":[{"taxonomy":"post_tag","embeddable":true,"href":"https:\/\/ambskopje.esteri.it\/sq\/wp-json\/wp\/v2\/tags?post=2511"}],"curies":[{"name":"wp","href":"https:\/\/api.w.org\/{rel}","templated":true}]}}