{"id":2129,"date":"2020-02-06T21:08:50","date_gmt":"2020-02-06T20:08:50","guid":{"rendered":"https:\/\/ambskopje.esteri.it\/news\/dall_ambasciata\/2020\/02\/intervista-dell-ambasciatore-romeo-2\/"},"modified":"2020-02-06T21:08:50","modified_gmt":"2020-02-06T20:08:50","slug":"intervista-dell-ambasciatore-romeo-2","status":"publish","type":"post","link":"https:\/\/ambskopje.esteri.it\/sq\/news\/dall_ambasciata\/2020\/02\/intervista-dell-ambasciatore-romeo-2\/","title":{"rendered":"Intervist\u00eb e Ambasadorit Romeo"},"content":{"rendered":"<p>Intervist\u00eb e Ambasadorit Romeo n\u00eb &#8220;Radio Evropa e Lir\u00eb&#8221; p\u00ebr perspektivat e integrimit evropian t\u00eb Maqedonis\u00eb s\u00eb Veriut dhe marr\u00ebdh\u00ebniet e shk\u00eblqyera dypal\u00ebshe Itali-Maqedoni.<\/p>\n<p>\u00a0<\/p>\n<p>\u00a0<\/p>\n<p><a href=\"https:\/\/www.slobodnaevropa.mk\/a\/%D1%80%D0%BE%D0%BC%D0%B5%D0%BE-%D0%B8%D1%82%D0%B0%D0%BB%D0%B8%D1%98%D0%B0-%D0%B0%D0%BC%D0%B1%D0%B0%D1%81%D0%B0%D0%B4%D0%BE%D1%80-%D0%B4%D0%B0%D1%82%D1%83%D0%BC-%D0%B3%D1%80%D0%B5%D1%88%D0%BA%D0%B0\/30406766.html\">https:\/\/www.slobodnaevropa.mk\/a\/%D1%80%D0%BE%D0%BC%D0%B5%D0%BE-%D0%B8%D1%82%D0%B0%D0%BB%D0%B8%D1%98%D0%B0-%D0%B0%D0%BC%D0%B1%D0%B0%D1%81%D0%B0%D0%B4%D0%BE%D1%80-%D0%B4%D0%B0%D1%82%D1%83%D0%BC-%D0%B3%D1%80%D0%B5%D1%88%D0%BA%D0%B0\/30406766.html<\/a> <\/p>\n","protected":false},"excerpt":{"rendered":"Intervist\u00eb e Ambasadorit Romeo n\u00eb &#8220;Radio Evropa e Lir\u00eb&#8221; p\u00ebr perspektivat e integrimit evropian t\u00eb Maqedonis\u00eb s\u00eb Veriut dhe marr\u00ebdh\u00ebniet e shk\u00eblqyera dypal\u00ebshe Itali-Maqedoni. \u00a0 \u00a0 https:\/\/www.slobodnaevropa.mk\/a\/%D1%80%D0%BE%D0%BC%D0%B5%D0%BE-%D0%B8%D1%82%D0%B0%D0%BB%D0%B8%D1%98%D0%B0-%D0%B0%D0%BC%D0%B1%D0%B0%D1%81%D0%B0%D0%B4%D0%BE%D1%80-%D0%B4%D0%B0%D1%82%D1%83%D0%BC-%D0%B3%D1%80%D0%B5%D1%88%D0%BA%D0%B0\/30406766.html","protected":false},"author":1,"featured_media":0,"comment_status":"","ping_status":"","sticky":false,"template":"","format":"standard","meta":{"footnotes":""},"tags":[],"class_list":["post-2129","post","type-post","status-publish","format-standard","hentry"],"_links":{"self":[{"href":"https:\/\/ambskopje.esteri.it\/sq\/wp-json\/wp\/v2\/posts\/2129","targetHints":{"allow":["GET"]}}],"collection":[{"href":"https:\/\/ambskopje.esteri.it\/sq\/wp-json\/wp\/v2\/posts"}],"about":[{"href":"https:\/\/ambskopje.esteri.it\/sq\/wp-json\/wp\/v2\/types\/post"}],"author":[{"embeddable":true,"href":"https:\/\/ambskopje.esteri.it\/sq\/wp-json\/wp\/v2\/users\/1"}],"replies":[{"embeddable":true,"href":"https:\/\/ambskopje.esteri.it\/sq\/wp-json\/wp\/v2\/comments?post=2129"}],"version-history":[{"count":0,"href":"https:\/\/ambskopje.esteri.it\/sq\/wp-json\/wp\/v2\/posts\/2129\/revisions"}],"wp:attachment":[{"href":"https:\/\/ambskopje.esteri.it\/sq\/wp-json\/wp\/v2\/media?parent=2129"}],"wp:term":[{"taxonomy":"post_tag","embeddable":true,"href":"https:\/\/ambskopje.esteri.it\/sq\/wp-json\/wp\/v2\/tags?post=2129"}],"curies":[{"name":"wp","href":"https:\/\/api.w.org\/{rel}","templated":true}]}}