{"id":1954,"date":"2020-03-20T20:13:48","date_gmt":"2020-03-20T19:13:48","guid":{"rendered":"https:\/\/ambskopje.esteri.it\/news\/dall_ambasciata\/2020\/03\/emergenza-covid-19-operazione-di-2\/"},"modified":"2020-03-20T20:13:48","modified_gmt":"2020-03-20T19:13:48","slug":"emergenza-covid-19-operazione-di-2","status":"publish","type":"post","link":"https:\/\/ambskopje.esteri.it\/sq\/news\/dall_ambasciata\/2020\/03\/emergenza-covid-19-operazione-di-2\/","title":{"rendered":"Situata e emergjenc\u00ebs COVID \u2013 19: operacioni i riatdhesimit i shtetasve italian"},"content":{"rendered":"<p>I koordinuar nga Ambasada, mbr\u00ebm\u00eb nga Shkupi \u00ebsht\u00eb nisur grupi prej 16 shtetas italian q\u00eb nga aeroporti n\u00eb Tiran\u00eb sot u kthyen n\u00eb Itali. Riatdhesimi i shtetasve italian p\u00ebr t&#8217;u bashkuar me familjet e tyre n\u00eb k\u00ebto momente t\u00eb r\u00ebnda ishte i mundur fal\u00eb bashk\u00ebpunimit t\u00eb shk\u00eblqyer t\u00eb Ambasad\u00ebs s\u00eb Italis\u00eb n\u00eb Tiran\u00eb, autoriteteve maqedonase dhe shqiptare q\u00eb fal\u00ebnderojm\u00eb.<\/p>\n","protected":false},"excerpt":{"rendered":"I koordinuar nga Ambasada, mbr\u00ebm\u00eb nga Shkupi \u00ebsht\u00eb nisur grupi prej 16 shtetas italian q\u00eb nga aeroporti n\u00eb Tiran\u00eb sot u kthyen n\u00eb Itali. Riatdhesimi i shtetasve italian p\u00ebr t&#8217;u bashkuar me familjet e tyre n\u00eb k\u00ebto momente t\u00eb r\u00ebnda ishte i mundur fal\u00eb bashk\u00ebpunimit t\u00eb shk\u00eblqyer t\u00eb Ambasad\u00ebs s\u00eb Italis\u00eb n\u00eb Tiran\u00eb, autoriteteve maqedonase [&hellip;]","protected":false},"author":1,"featured_media":0,"comment_status":"","ping_status":"","sticky":false,"template":"","format":"standard","meta":{"footnotes":""},"tags":[],"class_list":["post-1954","post","type-post","status-publish","format-standard","hentry"],"_links":{"self":[{"href":"https:\/\/ambskopje.esteri.it\/sq\/wp-json\/wp\/v2\/posts\/1954","targetHints":{"allow":["GET"]}}],"collection":[{"href":"https:\/\/ambskopje.esteri.it\/sq\/wp-json\/wp\/v2\/posts"}],"about":[{"href":"https:\/\/ambskopje.esteri.it\/sq\/wp-json\/wp\/v2\/types\/post"}],"author":[{"embeddable":true,"href":"https:\/\/ambskopje.esteri.it\/sq\/wp-json\/wp\/v2\/users\/1"}],"replies":[{"embeddable":true,"href":"https:\/\/ambskopje.esteri.it\/sq\/wp-json\/wp\/v2\/comments?post=1954"}],"version-history":[{"count":0,"href":"https:\/\/ambskopje.esteri.it\/sq\/wp-json\/wp\/v2\/posts\/1954\/revisions"}],"wp:attachment":[{"href":"https:\/\/ambskopje.esteri.it\/sq\/wp-json\/wp\/v2\/media?parent=1954"}],"wp:term":[{"taxonomy":"post_tag","embeddable":true,"href":"https:\/\/ambskopje.esteri.it\/sq\/wp-json\/wp\/v2\/tags?post=1954"}],"curies":[{"name":"wp","href":"https:\/\/api.w.org\/{rel}","templated":true}]}}