{"id":1719,"date":"2020-06-16T19:59:48","date_gmt":"2020-06-16T17:59:48","guid":{"rendered":"https:\/\/ambskopje.esteri.it\/news\/dall_ambasciata\/2020\/06\/disposizioni-del-governo-in-relazione-4\/"},"modified":"2020-06-16T19:59:48","modified_gmt":"2020-06-16T17:59:48","slug":"disposizioni-del-governo-in-relazione-4","status":"publish","type":"post","link":"https:\/\/ambskopje.esteri.it\/sq\/news\/dall_ambasciata\/2020\/06\/disposizioni-del-governo-in-relazione-4\/","title":{"rendered":"Dispozita t\u00eb Qeveris\u00eb p\u00ebr transit t\u00eb shtetasve t\u00eb huaj n\u00ebp\u00ebr territorin e Republik\u00ebs s\u00eb Maqedonis\u00eb s\u00eb Veriut"},"content":{"rendered":"<p>Qeveria e Republik\u00ebs s\u00eb Maqedonis\u00eb s\u00eb Veriut miratoi Protokollin p\u00ebr transit t\u00eb papenguar n\u00ebp\u00ebr territorin e Republik\u00ebs s\u00eb Maqedonis\u00eb s\u00eb Veriut, dhe nga<span style=\"text-decoration: underline;\"><strong> 15 qershor 2020<\/strong><\/span>, shtetasit e shteteve tjera mund t\u00eb kalojn\u00eb n\u00ebp\u00ebr territorin e Republik\u00ebs s\u00eb Maqedonis\u00eb s\u00eb Veriut p\u00ebr t\u00eb arritur n\u00eb vende t\u00eb treta, me obligim q\u00eb gjat\u00eb transitit mos t\u00eb dilet nga autostrada p\u00ebrkat\u00ebse ose rruga lokale dhe t\u00eb jet\u00eb pa ndalesa t\u00eb gjata dhe i nj\u00ebjti t\u00eb realizohet p\u00ebr koh\u00eb prej m\u00eb s\u00eb shumti <span style=\"text-decoration: underline;\"><strong>5 or\u00ebve<\/strong><\/span>.<\/p>\n<p>Udh\u00ebtuesit mund t\u2019i shfryt\u00ebzojn\u00eb kalimet kufitare vijuese: Tabanoc\u00eb (Serbi), Deve Bair (Bullgari), Bogorodica (Greqi), Qafa e Than\u00ebs (Shqip\u00ebri), Bllac\u00eb (Kosov\u00eb) dhe aeroportin e Shkupit.<\/p>\n<p>N\u00eb momentin e hyrjes n\u00eb territorin maqedonas, shtetasit e huaj n\u00eb transit duhet t\u00eb plot\u00ebsojn\u00eb nj\u00eb <span style=\"text-decoration: underline;\"><strong>deklarat\u00eb<\/strong> <\/span>t\u00eb v\u00ebrtetuar nga autoritetet kufitare, e cila do t\u00eb dor\u00ebzohet m\u00eb von\u00eb tek autoritetet kufitare pas largimit nga vendi.<\/p>\n<p>Qytetar\u00ebt n\u00eb transit duhet gjithmon\u00eb ti respektojn\u00eb rekomandimet dhe protokollet e Ministris\u00eb s\u00eb Sh\u00ebndet\u00ebsis\u00eb dhe t\u00eb gjitha masat q\u00eb synojn\u00eb t\u00eb parandalojn\u00eb prezantimin dhe p\u00ebrhapjen e Covid-19.<\/p>\n<p>N\u00ebse deklara nuk dor\u00ebzohet n\u00eb dalje (ose humbet) kjo mund t\u00eb n\u00ebnkuptoj\u00eb karantin\u00eb t\u00eb detyrueshme n\u00eb nj\u00eb struktur\u00eb t\u00eb caktuar.<\/p>\n<p>Me miratimin e k\u00ebtij Protokolli, <strong>shfuqizohet<\/strong> detyrimi i qytetar\u00ebve t\u00eb huaj p\u00ebr t\u00eb njoftuar kalimin e tyre n\u00ebp\u00ebt territorin maqedonas p\u00ebrmes p\u00ebrfaq\u00ebsive diplomatike-konsullore, sipas rregullave t\u00eb m\u00ebparshme.<\/p>\n<p>Teksti i plot\u00eb i protokollit n\u00eb gjuh\u00eb angleze, klikoni k\u00ebtu<\/p>\n<p>Deklarata n\u00eb gjuh\u00eb maqedonase dhe angleze<\/p>\n<p>Vini re: nga 22 maji \u00e7do person q\u00eb hyn n\u00eb territorin e Republik\u00ebs s\u00eb Maqedonis\u00eb s\u00eb Veriut (p\u00ebr <strong>nj\u00eb peridh\u00eb m\u00eb t\u00eb gjat\u00eb se 5 or\u00eb<\/strong>) do t\u00eb duhet t\u00eb paraqes\u00eb<strong> test negativ PCR p\u00ebr COVID-19<\/strong> (testi i b\u00ebr\u00eb jo m\u00eb von\u00eb se 72 or\u00eb para hyrjes) dhe do t&#8217;i n\u00ebnshtrohet <strong>mas\u00ebs s\u00eb detyrueshme t\u00eb karantin\u00ebs<\/strong> sht\u00ebpiake p\u00ebr 14 dit\u00eb (ose 21 n\u00ebse vijn\u00eb nga vendet q\u00eb konsiderohen &#8220;me rrezik t\u00eb lart\u00eb&#8221;). N\u00eb rast t\u00eb mos paraqitjes s\u00eb testit, personi do t\u00eb d\u00ebrgohet n\u00eb karantin\u00eb n\u00eb nj\u00eb struktur\u00eb t\u00eb identifikuar nga Autoritetet dhe do t&#8217;i n\u00ebnshtrohet testit.<\/p>\n","protected":false},"excerpt":{"rendered":"Qeveria e Republik\u00ebs s\u00eb Maqedonis\u00eb s\u00eb Veriut miratoi Protokollin p\u00ebr transit t\u00eb papenguar n\u00ebp\u00ebr territorin e Republik\u00ebs s\u00eb Maqedonis\u00eb s\u00eb Veriut, dhe nga 15 qershor 2020, shtetasit e shteteve tjera mund t\u00eb kalojn\u00eb n\u00ebp\u00ebr territorin e Republik\u00ebs s\u00eb Maqedonis\u00eb s\u00eb Veriut p\u00ebr t\u00eb arritur n\u00eb vende t\u00eb treta, me obligim q\u00eb gjat\u00eb transitit mos t\u00eb [&hellip;]","protected":false},"author":1,"featured_media":0,"comment_status":"","ping_status":"","sticky":false,"template":"","format":"standard","meta":{"footnotes":""},"tags":[],"class_list":["post-1719","post","type-post","status-publish","format-standard","hentry"],"_links":{"self":[{"href":"https:\/\/ambskopje.esteri.it\/sq\/wp-json\/wp\/v2\/posts\/1719","targetHints":{"allow":["GET"]}}],"collection":[{"href":"https:\/\/ambskopje.esteri.it\/sq\/wp-json\/wp\/v2\/posts"}],"about":[{"href":"https:\/\/ambskopje.esteri.it\/sq\/wp-json\/wp\/v2\/types\/post"}],"author":[{"embeddable":true,"href":"https:\/\/ambskopje.esteri.it\/sq\/wp-json\/wp\/v2\/users\/1"}],"replies":[{"embeddable":true,"href":"https:\/\/ambskopje.esteri.it\/sq\/wp-json\/wp\/v2\/comments?post=1719"}],"version-history":[{"count":0,"href":"https:\/\/ambskopje.esteri.it\/sq\/wp-json\/wp\/v2\/posts\/1719\/revisions"}],"wp:attachment":[{"href":"https:\/\/ambskopje.esteri.it\/sq\/wp-json\/wp\/v2\/media?parent=1719"}],"wp:term":[{"taxonomy":"post_tag","embeddable":true,"href":"https:\/\/ambskopje.esteri.it\/sq\/wp-json\/wp\/v2\/tags?post=1719"}],"curies":[{"name":"wp","href":"https:\/\/api.w.org\/{rel}","templated":true}]}}