{"id":1318,"date":"2021-08-31T10:04:54","date_gmt":"2021-08-31T08:04:54","guid":{"rendered":"https:\/\/ambskopje.esteri.it\/news\/dall_ambasciata\/2021\/08\/nuove-disposizioni-per-l-ingresso_0-2\/"},"modified":"2021-08-31T10:04:54","modified_gmt":"2021-08-31T08:04:54","slug":"nuove-disposizioni-per-l-ingresso_0-2","status":"publish","type":"post","link":"https:\/\/ambskopje.esteri.it\/sq\/news\/dall_ambasciata\/2021\/08\/nuove-disposizioni-per-l-ingresso_0-2\/","title":{"rendered":"RREGULLA T\u00cb REJA P\u00cbR HYRJE\/KTHIM N\u00cb ITALI NGA MAQEDONIA E VERIUT"},"content":{"rendered":"<p><strong>Nga 31 gusht deri m\u00eb 25 tetor 2021<\/strong>, sipas Urdh\u00ebresat e Ministrit t\u00eb Sh\u00ebndet\u00ebsis\u00eb t\u00eb 29 korrikut 2021 dhe 28 gushtit 2021, hyrja n\u00eb Itali t\u00eb personave q\u00eb kan\u00eb q\u00ebndruar, ose tranzituar n\u00eb Maqedonin\u00eb e Veriut n\u00eb kat\u00ebrmb\u00ebdhjet\u00eb dit\u00ebt q\u00eb paraprijn\u00eb, lejohet sipas kushteve t\u00eb m\u00ebposhtme:<\/p>\n<ol>\n<li>paraqitja p\u00ebrpara transportuesit n\u00eb koh\u00ebn e hipjes n\u00eb bord, apo kujtdo t\u00eb ngarkuar p\u00ebr t\u00eb kryer kontrollin (n\u00eb traget\/aeroplan) ose n\u00eb kufirin tok\u00ebsor, t\u00eb \u201c<strong>certifikimit t\u00eb gjelb\u00ebr&#8221; KOVID-19<\/strong> t\u00eb l\u00ebshuar pas p\u00ebrfundimit t\u00eb ciklit t\u00eb vaksinimit ose <strong>certifikat\u00eb ekuivalente<\/strong> t\u00eb l\u00ebshuar nga autoritetet kompetente sh\u00ebndet\u00ebsore pas vaksinimit me <strong>vaksin\u00eb t\u00eb v\u00ebrtetuar nga Agjencia Evropiane<\/strong> <strong>e Barnave<\/strong> (me vaksinat Pfizer-BioNtec, Moderna, AstraZeneca ose Johnson &#038; Johnson);<\/li>\n<li>paraqitja p\u00ebrpara transportuesit n\u00eb koh\u00ebn e hipjes n\u00eb bord dhe kujtdo q\u00eb \u00ebsht\u00eb caktuar p\u00ebr t\u00eb kryer kontrollin, t\u00eb certifikimat\u00ebs s\u00eb kryerjes, n\u00eb <strong>shtat\u00ebdhjet\u00eb e dy or\u00ebt (72)<\/strong> q\u00eb paraprijn\u00eb hyrjen n\u00eb Itali, t\u00eb nj\u00eb <strong>testi molekular, ose antigjenik, t\u00eb kryer n\u00ebp\u00ebrmjet tamponit me rezultat negativ<\/strong>;<\/li>\n<li>paraqitja p\u00ebrpara transportuesit n\u00eb koh\u00ebn e hipjes n\u00eb bord, apo kujtdo t\u00eb ngarkuar p\u00ebr t\u00eb kryer kontrollin, t\u00eb <strong>&#8220;Formularit t\u00eb gjetjes s\u00eb udh\u00ebtarit &#8211; digital Passenger Locator Form, dPLF&#8221;<\/strong> nga faqja web <a href=\"https:\/\/app.euplf.eu\/#\/\">https:\/\/app.euplf.eu\/#\/<\/a> n\u00ebp\u00ebrmjet pajisjes celular, apo kopjes s\u00eb shtypur.<\/li>\n<\/ol>\n<p>N\u00eb rast mungese t\u00eb paraqitjes s\u00eb certifikimit t\u00eb vaksinimit t\u00eb p\u00ebrmendur n\u00eb pik\u00ebn 1, \u00ebsht\u00eb e mundur t\u00eb hyni n\u00eb Itali, por <strong>n\u00eb \u00e7do rast \u00ebsht\u00eb e detyrueshme:<\/strong><\/p>\n<ul>\n<li>paraqitja p\u00ebrpara transportuesit n\u00eb koh\u00ebn e hipjes n\u00eb bord dhe kujtdo q\u00eb \u00ebsht\u00eb caktuar p\u00ebr t\u00eb kryer kontrollin, <strong>t\u00eb certifikimat\u00ebs s\u00eb kryerjes, n\u00eb shtat\u00ebdhjet\u00eb e dy (72) or\u00ebt<\/strong> q\u00eb paraprijn\u00eb hyrjen n\u00eb Itali, t\u00eb nj\u00eb <strong>testi molekular, ose antigjenik,<\/strong> t\u00eb kryer n\u00ebp\u00ebrmjet tamponit me rezultat negativ;<\/li>\n<li>paraqitja p\u00ebrpara transportuesit n\u00eb koh\u00ebn e hipjes n\u00eb bord, apo kujtdo t\u00eb ngarkuar p\u00ebr t\u00eb kryer kontrollin, t\u00eb &#8220;Formularit t\u00eb gjetjes s\u00eb udh\u00ebtarit &#8211; digital Passenger Locator Form, dPLF&#8221; nga faqja web <a href=\"https:\/\/app.euplf.eu\/#\/\">https:\/\/app.euplf.eu\/#\/<\/a> n\u00ebp\u00ebrmjet pajisjes celular, apo kopjes s\u00eb shtypur.<\/li>\n<li><strong>t\u00eb n\u00ebnshtroheni izolimit n\u00eb mir\u00ebbesim dhe mbikqyrjes sh\u00ebndet\u00ebsore me nj\u00eb koh\u00ebzgjatje prej pes\u00eb (5) dit\u00ebsh<\/strong> (duke informuar entin ASL kompetent p\u00ebr territorin), n\u00eb adres\u00ebn e deklaruar n\u00eb &#8220;Formularin e gjetjes s\u00eb pasagjerit&#8221;,<\/li>\n<li>t\u00eb kryeni edhe nj\u00eb <strong>test molekular, ose antigjenik<\/strong>, t\u00eb kryer me an\u00eb t\u00eb nj\u00eb tamponi, n\u00eb p\u00ebrfundim t\u00eb periudh\u00ebs s\u00eb izolimit prej pes\u00eb dit\u00ebsh.<\/li>\n<\/ul>\n<p>\u00a0<\/p>\n<p><strong>HYRJA E PERSONAVE T\u00cb MITUR<\/strong><\/p>\n<p>P\u00ebr t\u00eb hyr\u00eb n\u00eb Itali, f\u00ebmij\u00ebt n\u00ebn mosh\u00ebn 6 vje\u00e7 p\u00ebrjashtohen nga obligimi p\u00ebr test molekular ose antigjenik p\u00ebr Kovid19.<\/p>\n<p><strong>HYRJA P\u00cbR ARSYE T\u00cb DOKUMENTUARA PUNE<\/strong><\/p>\n<p>Me kusht q\u00eb t\u00eb mos shfaqen simptome t\u00eb Kovid19, me obligim p\u00ebr test molekular ose antigjenik jo m\u00eb t\u00eb vjet\u00ebr se 72 or\u00eb si dhe p\u00ebr formular dixhital online nga web faqja <a href=\"https:\/\/app.euplf.eu\/#\/\">https:\/\/app.euplf.eu\/#\/<\/a> , nuk zbatohen detyrimet p\u00ebr mbik\u00ebqyrje sh\u00ebndet\u00ebsore dhe vet\u00eb-izolim p\u00ebr qytetar\u00ebt dhe personat q\u00eb banojn\u00eb n\u00eb Maqedonin\u00eb e Veriut q\u00eb udh\u00ebtojn\u00eb n\u00eb Itali p\u00ebr arsye pune t\u00eb dokumentuara.<\/p>\n<p><strong>P\u00cbRJASHTIME T\u00cb TJERA NGA DETYRIMI I IZOLIMIT<\/strong><\/p>\n<p>Me kusht q\u00eb t\u00eb mos shfaqen simptome t\u00eb Kovid19, me obligim p\u00ebr formular dixhital dhe n\u00eb rastet e p\u00ebrcaktuara, obligim p\u00ebr test molekular ose antigjenik, detyrimit p\u00ebr mbik\u00ebqyrje sh\u00ebndet\u00ebsore dhe vet\u00eb-izolim nuk i n\u00ebnshtrohen kategorit\u00eb n\u00eb vijim:<\/p>\n<p>a) p\u00ebr arsye pune t\u00eb rregulluara nga protokolle t\u00eb posa\u00e7me sigurie, t\u00eb miratuara nga autoritetet kompetente sh\u00ebndet\u00ebsore;<\/p>\n<p>b) p\u00ebr arsye t\u00eb pashmangshme p\u00ebrmes autorizimit p\u00ebrkat\u00ebs t\u00eb Ministris\u00eb s\u00eb Sh\u00ebndet\u00ebsis\u00eb;<\/p>\n<p>c) personeli sh\u00ebndet\u00ebsor i cili hyn n\u00eb Itali p\u00ebr t\u00eb ushtruar profesionin e tij, p\u00ebrfshir\u00eb ushtrimin e p\u00ebrkohsh\u00ebm t\u00eb profesionit;<\/p>\n<p>d) personel i shoq\u00ebrive dhe subjekteve me seli ligjore apo dyt\u00ebsore n\u00eb Itali q\u00eb udh\u00ebton jasht\u00eb Italis\u00eb p\u00ebr arsye t\u00eb provuara pune p\u00ebr nj\u00eb afat kohor jo m\u00eb t\u00eb gjat\u00eb se 120 or\u00eb;<\/p>\n<p>e) funksionar\u00eb dhe agjent\u00eb, gjithsesi t\u00eb p\u00ebrcaktuar, t\u00eb Bashkimit Evropian apo t\u00eb organizatave nd\u00ebrkomb\u00ebtare, diplomat\u00eb, personel administrativ dhe teknik i misioneve diplomatike, funksionar\u00eb dhe n\u00ebpun\u00ebs konsullor\u00eb, personel ushtarak dhe t\u00eb policis\u00eb n\u00eb ushtrim t\u00eb detyrave t\u00eb tyre, personelit t\u00eb Sistemit t\u00eb Informacionit p\u00ebr sigurin\u00eb e Republik\u00ebs dhe t\u00eb zjarrfik\u00ebsve gjat\u00eb ushtrimit t\u00eb funksioneve t\u00eb tyre;<\/p>\n<p>f) nx\u00ebn\u00ebs dhe student\u00eb t\u00eb cil\u00ebt ndjekin studimet n\u00eb nj\u00eb Shtet t\u00eb ndrysh\u00ebm nga ai n\u00eb t\u00eb cilin banojn\u00eb apo kan\u00eb vendbanimin, ku kthehen \u00e7do dit\u00eb apo t\u00eb pakt\u00ebn nj\u00eb her\u00eb n\u00eb jav\u00eb.<\/p>\n<p>g) hyrjet me fluturimet \u201cCovid-tested\u201d, n\u00eb p\u00ebrputhje me Urdh\u00ebrin e Ministrit t\u00eb Sh\u00ebndet\u00ebsis\u00eb t\u00eb dat\u00ebs 23 n\u00ebntor 2020 dhe ndryshimet e tij.<\/p>\n<p>h) hyrjet p\u00ebr gara sportive me interes komb\u00ebtar n\u00eb p\u00ebrputhje me dispozitat e nenit 49, paragrafi 5 nga DPCM t\u00eb 2 marsit 2021;<\/p>\n<p><strong>P\u00cbRJASHTIME NGA OBLIGIMI P\u00cbR TEST DHE IZOLIM<\/strong><\/p>\n<p>Me kusht q\u00eb t\u00eb mos shfaqen simptome t\u00eb Kovid19, me obligim p\u00ebr formular dixhital online, detyrimet p\u00ebr test molekular ose antigjenik dhe mbik\u00ebqyrje sh\u00ebndet\u00ebsore nuk zbatohen p\u00ebr kategorit\u00eb n\u00eb vijim:<\/p>\n<p>a) ekuipazhet e mjeteve t\u00eb transportit,<\/p>\n<p>b) personeli i mjeteve t\u00eb udh\u00ebtimit;<\/p>\n<p>c) p\u00ebr udh\u00ebtimet nga dhe p\u00ebr n\u00eb Shtetet dhe territoret t\u00eb List\u00ebs A;<\/p>\n<p>d) punonj\u00ebs nd\u00ebrkufitar\u00eb n\u00eb hyrje dhe n\u00eb dalje nga territori italian p\u00ebr arsye pune t\u00eb provuara dhe q\u00eb kthehen n\u00eb banes\u00ebn, vendq\u00ebndrimin apo vendbanimin e tyre;<\/p>\n<p>e) nx\u00ebn\u00ebs dhe student\u00eb t\u00eb cil\u00ebt ndjekin studimet n\u00eb nj\u00eb Shtet t\u00eb ndrysh\u00ebm nga ai n\u00eb t\u00eb cilin banojn\u00eb apo kan\u00eb vendbanimin, ku kthehen \u00e7do dit\u00eb apo t\u00eb pakt\u00ebn nj\u00eb her\u00eb n\u00eb jav\u00eb;<\/p>\n<p>f) k\u00ebdo q\u00eb p\u00ebrshkon transit, me mjet privat, territorin italian p\u00ebr nj\u00eb periudh\u00eb kohore jo m\u00eb t\u00eb gjat\u00eb se 36 or\u00eb, me detyrimin, n\u00eb p\u00ebrfundim t\u00eb k\u00ebtij afati, p\u00ebr t\u2019u larguar menj\u00ebher\u00eb nga territori italian ose, n\u00eb rast t\u00eb kund\u00ebrt, p\u00ebr t\u2019u vet\u00eb-izoluar e p\u00ebr t\u2019iu n\u00ebnshtruar mbik\u00ebqyrjes sh\u00ebndet\u00ebsore 5 ditore n\u00eb adres\u00ebn e regjistruar n\u00eb formularin dixhital dhe t\u00eb kryej\u00eb test molekular ose antigjenik n\u00eb fund t\u00eb periudh\u00ebs 5 ditore;<\/p>\n<p>g) k\u00ebdo q\u00eb hyn n\u00eb Itali p\u00ebr nj\u00eb periudh\u00eb kohore jo m\u00eb t\u00eb gjat\u00eb se 120 or\u00eb p\u00ebr nevoja t\u00eb provuara pune, arsye sh\u00ebndet\u00ebsore apo urgjenc\u00eb absolute, me detyrimin, n\u00eb p\u00ebrfundim t\u00eb k\u00ebtij afati, p\u00ebr t\u2019u larguar menj\u00ebher\u00eb nga territori italian ose, n\u00eb rast t\u00eb kund\u00ebrt, p\u00ebr t\u2019u vet\u00eb-izoluar dhe p\u00ebr t\u2019iu n\u00ebnshtruar mbik\u00ebqyrjes sh\u00ebndet\u00ebsore 5 ditore n\u00eb adres\u00ebn e regjistruar n\u00eb formularin dixhital dhe t\u00eb kryej\u00eb test molekular ose antigjenik n\u00eb fund t\u00eb periudh\u00ebs 5 ditore;<\/p>\n<p>h) k\u00ebdo q\u00eb kthehet n\u00eb Itali pas nj\u00eb q\u00ebndrimi jo m\u00eb shum\u00eb se dyzet e tet\u00eb or\u00eb jasht\u00eb vendit n\u00eb vende n\u00eb nj\u00eb distanc\u00eb prej jo m\u00eb shum\u00eb se 60 km nga vendi i banimit ose sht\u00ebpis\u00eb, me kusht q\u00eb udh\u00ebtimi t\u00eb b\u00ebhet me automjet privat. Nuk \u00ebsht\u00eb e nevojshme t\u00eb plot\u00ebsohet formulari dixhital;<\/p>\n<p>i) n\u00eb rast t\u00eb q\u00ebndrimit jo m\u00eb t\u00eb gjat\u00eb se dyzet e tet\u00eb or\u00eb n\u00eb Itali n\u00eb vende n\u00eb distance jo m\u00eb larg se 60 km nga vendi i banimit ose sht\u00ebpis\u00eb, me kusht q\u00eb udh\u00ebtimi t\u00eb b\u00ebhet me automjet privat. Nuk \u00ebsht\u00eb e nevojshme t\u00eb plot\u00ebsohet formulari dixhital.<\/p>\n<p>\u00a0<\/p>\n<p>P\u00ebr pyetje n\u00eb lidhje me Zyr\u00ebn Konsullore dhe Zyr\u00ebn e Vizave, ju lutemi t\u00eb telefononi n\u00eb oraret n\u00eb vijim:<\/p>\n<p>t\u00eb h\u00ebn\u00ebn nga ora 10:00 deri n\u00eb 13:00 dhe nga 14:30 deri n\u00eb 16:00. Nga e marta deri t\u00eb enjten nga ora 14:30 deri n\u00eb or\u00ebn 16:00 dhe t\u00eb premten nga ora 13:30 deri n\u00eb or\u00ebn 15:00.<\/p>\n<p>+389 2 3236517<\/p>\n<p>+389 2 3236518<\/p>\n<p>+389 2 3236519<\/p>\n<p>+389 2 3236520<\/p>\n","protected":false},"excerpt":{"rendered":"Nga 31 gusht deri m\u00eb 25 tetor 2021, sipas Urdh\u00ebresat e Ministrit t\u00eb Sh\u00ebndet\u00ebsis\u00eb t\u00eb 29 korrikut 2021 dhe 28 gushtit 2021, hyrja n\u00eb Itali t\u00eb personave q\u00eb kan\u00eb q\u00ebndruar, ose tranzituar n\u00eb Maqedonin\u00eb e Veriut n\u00eb kat\u00ebrmb\u00ebdhjet\u00eb dit\u00ebt q\u00eb paraprijn\u00eb, lejohet sipas kushteve t\u00eb m\u00ebposhtme: paraqitja p\u00ebrpara transportuesit n\u00eb koh\u00ebn e hipjes n\u00eb bord, [&hellip;]","protected":false},"author":1,"featured_media":0,"comment_status":"","ping_status":"","sticky":false,"template":"","format":"standard","meta":{"footnotes":""},"tags":[],"class_list":["post-1318","post","type-post","status-publish","format-standard","hentry"],"_links":{"self":[{"href":"https:\/\/ambskopje.esteri.it\/sq\/wp-json\/wp\/v2\/posts\/1318","targetHints":{"allow":["GET"]}}],"collection":[{"href":"https:\/\/ambskopje.esteri.it\/sq\/wp-json\/wp\/v2\/posts"}],"about":[{"href":"https:\/\/ambskopje.esteri.it\/sq\/wp-json\/wp\/v2\/types\/post"}],"author":[{"embeddable":true,"href":"https:\/\/ambskopje.esteri.it\/sq\/wp-json\/wp\/v2\/users\/1"}],"replies":[{"embeddable":true,"href":"https:\/\/ambskopje.esteri.it\/sq\/wp-json\/wp\/v2\/comments?post=1318"}],"version-history":[{"count":0,"href":"https:\/\/ambskopje.esteri.it\/sq\/wp-json\/wp\/v2\/posts\/1318\/revisions"}],"wp:attachment":[{"href":"https:\/\/ambskopje.esteri.it\/sq\/wp-json\/wp\/v2\/media?parent=1318"}],"wp:term":[{"taxonomy":"post_tag","embeddable":true,"href":"https:\/\/ambskopje.esteri.it\/sq\/wp-json\/wp\/v2\/tags?post=1318"}],"curies":[{"name":"wp","href":"https:\/\/api.w.org\/{rel}","templated":true}]}}