{"id":1307,"date":"2021-09-01T18:12:38","date_gmt":"2021-09-01T16:12:38","guid":{"rendered":"https:\/\/ambskopje.esteri.it\/news\/dall_ambasciata\/2021\/09\/inaugurata-nuova-classe-di-italiano-2\/"},"modified":"2021-09-01T18:12:38","modified_gmt":"2021-09-01T16:12:38","slug":"inaugurata-nuova-classe-di-italiano-2","status":"publish","type":"post","link":"https:\/\/ambskopje.esteri.it\/sq\/news\/dall_ambasciata\/2021\/09\/inaugurata-nuova-classe-di-italiano-2\/","title":{"rendered":"U p\u00ebrurua klasa e re e gjuh\u00ebs italiane n\u00eb Gjimnazin Nikolla Karev"},"content":{"rendered":"<p>Ambasadori Andrea Silvestri, s\u00eb bashku me ministren Milla Carovska dhe kryetarin Petre Shilegov, mori pjes\u00eb n\u00eb p\u00ebrurimin e nj\u00eb klase t\u00eb re n\u00eb Gjimnazin Nikolla Karev, n\u00eb t\u00eb cil\u00ebn do t\u00eb m\u00ebsohen gjasht\u00eb or\u00eb gjuh\u00eb dhe kultur\u00eb italiane, t\u00eb gjitha pjes\u00eb e programit shkollor. Jan\u00eb 23 nx\u00ebn\u00ebs n\u00eb vitin e par\u00eb t\u00eb shkoll\u00ebs s\u00eb mesme, t\u00eb cil\u00ebt kan\u00eb kaluar nj\u00eb test fillestar t\u00eb aft\u00ebsis\u00eb gjuh\u00ebsore, me q\u00ebllim arritjen e nivelit B2 n\u00eb fund t\u00eb vitit t\u00eb kat\u00ebrt, gjithashtu n\u00eb funksion t\u00eb nj\u00eb regjistrimi t\u00eb mundsh\u00ebm n\u00eb fakultetet italiane; duke filluar nga viti i ardhsh\u00ebm klasat e ardhme do t\u00eb aktivizohen m\u00eb pas.<\/p>\n<p>Si\u00e7 theksoi drejtori Andrej Malenov dhe pjes\u00ebmarr\u00ebsit, \u00ebsht\u00eb hera e par\u00eb q\u00eb nj\u00eb kurs i till\u00eb mbahet n\u00eb Maqedonin\u00eb e Veriut. 23 nx\u00ebn\u00ebsit e klas\u00ebs s\u00eb re do t&#8217;u bashkohen af\u00ebr dy mij\u00eb nx\u00ebn\u00ebsve maqedonas t\u00eb gjuh\u00ebs italiane n\u00eb shkollat \u200b\u200bfillore dhe t\u00eb mesme dhe student\u00ebve t\u00eb shumt\u00eb n\u00eb universitetet vendase. Nj\u00eb sukses q\u00eb pason Dekretin e 6 marsit 2018 me t\u00eb cilin italishtja u fut si gjuh\u00eb e dyt\u00eb zgjedhore n\u00eb shkoll\u00ebn fillore. &#8220;N\u00eb Maqedonin\u00eb e Veriut&#8221; &#8211; theksoi Ambasadori &#8211; &#8220;ka nj\u00eb \u201ck\u00ebrkes\u00eb n\u00eb rritje p\u00ebr gjuh\u00ebn italiane&#8221;, e cila shkon mir\u00eb me intensitetin dhe natyr\u00ebn shekullore t\u00eb marr\u00ebdh\u00ebnieve tona, dhe me perspektiv\u00ebn e nj\u00eb intensifikimi t\u00eb shk\u00ebmbimeve ekonomike dhe tregtare&#8221;.<\/p>\n<p>N\u00eb fakt, italishtja, p\u00ebrve\u00e7se nj\u00eb gjuh\u00eb e madhe e kultur\u00ebs e studiuar n\u00eb t\u00eb gjith\u00eb bot\u00ebn, \u00ebsht\u00eb gjithashtu nj\u00eb gjuh\u00eb q\u00eb ofron mund\u00ebsi t\u00eb r\u00ebnd\u00ebsishme profesionale, ve\u00e7an\u00ebrisht p\u00ebr nj\u00eb vend fqinj si Maqedonia e Veriut. Duke fal\u00ebnderuar drejtorin Malenov p\u00ebr nism\u00ebn, Ambasadori fal\u00ebnderoi gjithashtu Departamentin t\u00eb gjuh\u00ebs italiane t\u00eb Universitetit \u201cUKIM\u201d, Shoqat\u00ebn e Profesor\u00ebve t\u00eb Gjuh\u00ebs Italiane dhe Institutin Dante Aligieri n\u00eb Shkup p\u00ebr mb\u00ebshtetjen dhe siguroi mb\u00ebshtetjen e plot\u00eb t\u00eb Ambasad\u00ebs p\u00ebr kursin e ri dhe n\u00eb p\u00ebrgjith\u00ebsi p\u00ebr promovimin e italishtes. M\u00eb n\u00eb fund, Silvestri shfryt\u00ebzoi rastin p\u00ebr t\u00eb dh\u00ebn\u00eb bluza dhe nj\u00eb ditar kushtuar Dantes student\u00ebve t\u00eb Gjimnazit Karev dhe autoriteteve t\u00eb pranishme. Nj\u00eb gjest simbolik, i cili \u00ebsht\u00eb pjes\u00eb e aktiviteteve t\u00eb shumta t\u00eb promovuara nga Ambasada Italiane n\u00eb Shkup p\u00ebr t\u00eb p\u00ebrkujtuar 700 vjetorin e vdekjes s\u00eb poetit t\u00eb madh, themelues i gjuh\u00ebs italiane.<\/p>\n","protected":false},"excerpt":{"rendered":"Ambasadori Andrea Silvestri, s\u00eb bashku me ministren Milla Carovska dhe kryetarin Petre Shilegov, mori pjes\u00eb n\u00eb p\u00ebrurimin e nj\u00eb klase t\u00eb re n\u00eb Gjimnazin Nikolla Karev, n\u00eb t\u00eb cil\u00ebn do t\u00eb m\u00ebsohen gjasht\u00eb or\u00eb gjuh\u00eb dhe kultur\u00eb italiane, t\u00eb gjitha pjes\u00eb e programit shkollor. Jan\u00eb 23 nx\u00ebn\u00ebs n\u00eb vitin e par\u00eb t\u00eb shkoll\u00ebs s\u00eb mesme, [&hellip;]","protected":false},"author":1,"featured_media":0,"comment_status":"","ping_status":"","sticky":false,"template":"","format":"standard","meta":{"footnotes":""},"tags":[],"class_list":["post-1307","post","type-post","status-publish","format-standard","hentry"],"_links":{"self":[{"href":"https:\/\/ambskopje.esteri.it\/sq\/wp-json\/wp\/v2\/posts\/1307","targetHints":{"allow":["GET"]}}],"collection":[{"href":"https:\/\/ambskopje.esteri.it\/sq\/wp-json\/wp\/v2\/posts"}],"about":[{"href":"https:\/\/ambskopje.esteri.it\/sq\/wp-json\/wp\/v2\/types\/post"}],"author":[{"embeddable":true,"href":"https:\/\/ambskopje.esteri.it\/sq\/wp-json\/wp\/v2\/users\/1"}],"replies":[{"embeddable":true,"href":"https:\/\/ambskopje.esteri.it\/sq\/wp-json\/wp\/v2\/comments?post=1307"}],"version-history":[{"count":0,"href":"https:\/\/ambskopje.esteri.it\/sq\/wp-json\/wp\/v2\/posts\/1307\/revisions"}],"wp:attachment":[{"href":"https:\/\/ambskopje.esteri.it\/sq\/wp-json\/wp\/v2\/media?parent=1307"}],"wp:term":[{"taxonomy":"post_tag","embeddable":true,"href":"https:\/\/ambskopje.esteri.it\/sq\/wp-json\/wp\/v2\/tags?post=1307"}],"curies":[{"name":"wp","href":"https:\/\/api.w.org\/{rel}","templated":true}]}}