{"id":1280,"date":"2021-10-22T17:56:08","date_gmt":"2021-10-22T15:56:08","guid":{"rendered":"https:\/\/ambskopje.esteri.it\/news\/dall_ambasciata\/2021\/10\/xxi-settimana-della-lingua-italiana-2\/"},"modified":"2021-10-22T17:56:08","modified_gmt":"2021-10-22T15:56:08","slug":"xxi-settimana-della-lingua-italiana-2","status":"publish","type":"post","link":"https:\/\/ambskopje.esteri.it\/sq\/news\/dall_ambasciata\/2021\/10\/xxi-settimana-della-lingua-italiana-2\/","title":{"rendered":"Java e XXI e Gjuh\u00ebs Italiane n\u00eb Bot\u00eb \u2013 ngjarje kulturore"},"content":{"rendered":"<p>Oferta e ngjarjeve kulturore t\u00eb promovuara nga Ambasada e Italis\u00eb n\u00eb Shkup p\u00ebr edicionin e 21 t\u00eb Jav\u00ebs s\u00eb Gjuh\u00ebs Italiane n\u00eb Bot\u00eb, k\u00ebt\u00eb vit kushtuar p\u00ebrkujtimit t\u00eb shekullit t\u00eb shtat\u00eb t\u00eb vdekjes s\u00eb Dante Aligierit, poet i konsideruar ati i gjuh\u00ebs italiane dhe i vet\u00eb ides\u00eb s\u00eb Italis\u00eb, \u00ebsht\u00eb ve\u00e7an\u00ebrisht e pasur dhe me cil\u00ebsi t\u00eb lart\u00eb. Ngjarjet do t\u00eb zhvillohen, n\u00eb fakt, n\u00eb disa drejtime, nga muzika n\u00eb kinema, nga kritika letrare n\u00eb oper\u00eb, nga arti n\u00eb dizajn.<\/p>\n<p>M\u00eb 7 tetor pianisti i njohur maqedonas Simon T\u00ebrp\u00e7eski i drejtuar nga Gabriel Bebeselea, e interpretoi Simfonin\u00eb &#8216;Dante&#8217; dhe Koncertin nr. 2 p\u00ebr piano dhe orkest\u00ebr nga Franz Liszt n\u00eb Orkestr\u00ebn Filharmonike n\u00eb Shkup, e cila e hapi sezonin e koncerteve. M\u00eb 18 tetor filloi Java e Gjuh\u00ebs Italiane n\u00eb Bot\u00eb me nj\u00eb seminar n\u00eb internet nga kritiku i mir\u00ebnjohur letrar Prof. Giulio Ferroni i Universitetit &#8216;La Sapienza&#8217; t\u00eb Rom\u00ebs, fitues i \u00c7mimit Viareggio 2020 p\u00ebr pjes\u00ebn jo-trilluese, me Italin\u00eb e Dantes. Udh\u00ebtim n\u00eb tok\u00ebn e Komedis\u00eb.<\/p>\n<p>N\u00eb mbr\u00ebmje, n\u00eb Muzeun Arkeologjik t\u00eb Shkupit, u p\u00ebrurua ekspozita Raffaello. Opera Omnia, ku do t\u00eb jet\u00eb e mundur t&#8217;i qasemi veprave t\u00eb nj\u00eb prej mjeshtrave m\u00eb t\u00eb m\u00ebdhenj italian\u00eb t\u00eb piktur\u00ebs s\u00eb Rilindjes, gjithashtu p\u00ebrmes nj\u00eb instalimi interaktiv.<\/p>\n<p>M\u00eb 19 tetor, n\u00eb Kinotek\u00ebn e Maqedonis\u00eb s\u00eb Veriut, u shfaq filmi Inferno, regjisor Francesco Bertolini n\u00eb 1911 dhe i frym\u00ebzuar nga ilustrimet e Gustavo Dor\u00e9. Nj\u00eb mund\u00ebsi e ve\u00e7ant\u00eb p\u00ebr t\u00eb par\u00eb nj\u00eb kryevep\u00ebr t\u00eb kinemas\u00eb pa z\u00eb italiane, e shoq\u00ebruar n\u00eb piano nga pianisti Mario Mariani.<\/p>\n<p>M\u00eb 21 tetor, do t\u00eb prezantohet nj\u00eb ngjarje nd\u00ebrkulturore e organizuar nga Universiteti &#8216;Goce Del\u00e7ev&#8217; i Shtipit, e titulluar &#8220;Bota e Dantes n\u00eb kujtes\u00ebn kolektive &#8211; aspektet gjuh\u00ebsore dhe vizuale&#8221;. M\u00eb 22 tetor do t\u00eb shpallet fituesi i konkursit t\u00eb organizuar nga Instituti &#8216;Dante Aligieri&#8217; i Shkupit p\u00ebr posterin m\u00eb t\u00eb mir\u00eb, i zgjedhur si poster p\u00ebr Jav\u00ebn e Gjuh\u00ebs Italiane.<\/p>\n<p>M\u00eb n\u00eb fund, m\u00eb 19 n\u00ebntor, n\u00eb mbyllje t\u00eb p\u00ebrkujtimeve kushtuar Dantes, do t\u00eb ket\u00eb premier\u00eb bot\u00ebrore, n\u00eb teatrin komb\u00ebtar t\u00eb oper\u00ebs dhe baletit, opera e re Lapeggiamenti, amenit\u00e0, querimonie et altri tremendi affetti nella nobilissima Florentia (libret nga Claudio Saltarelli dhe muzik\u00eb nga Joe Schettino), interpretuar nga tenori maqedonas Bllagoj Nacoski dhe nga baritoni Gianpiero Ruggeri.<\/p>\n<p>Ngjarjet e shum\u00ebllojshme u drejtohen t\u00eb gjith\u00eb dashamir\u00ebve t\u00eb artit dhe kultur\u00ebs italiane t\u00eb cil\u00ebt gjithashtu mund t\u00eb vizitojn\u00eb nism\u00ebn e ve\u00e7ant\u00eb p\u00ebr shitjen promovuese t\u00eb veprave letrare italiane n\u00eb librari t\u00eb shumta n\u00eb Shkup.<\/p>\n<p>P\u00ebr m\u00eb shum\u00eb informata n\u00eb lidhje me ngjarjet mund t\u00eb konsultoni programin e detajuar t\u00eb publikuar n\u00eb faqen zyrtare t\u00eb internetit dhe n\u00eb faqen Facebook t\u00eb Ambasad\u00ebs s\u00eb Italis\u00eb.<\/p>\n","protected":false},"excerpt":{"rendered":"Oferta e ngjarjeve kulturore t\u00eb promovuara nga Ambasada e Italis\u00eb n\u00eb Shkup p\u00ebr edicionin e 21 t\u00eb Jav\u00ebs s\u00eb Gjuh\u00ebs Italiane n\u00eb Bot\u00eb, k\u00ebt\u00eb vit kushtuar p\u00ebrkujtimit t\u00eb shekullit t\u00eb shtat\u00eb t\u00eb vdekjes s\u00eb Dante Aligierit, poet i konsideruar ati i gjuh\u00ebs italiane dhe i vet\u00eb ides\u00eb s\u00eb Italis\u00eb, \u00ebsht\u00eb ve\u00e7an\u00ebrisht e pasur dhe me [&hellip;]","protected":false},"author":1,"featured_media":0,"comment_status":"","ping_status":"","sticky":false,"template":"","format":"standard","meta":{"footnotes":""},"tags":[],"class_list":["post-1280","post","type-post","status-publish","format-standard","hentry"],"_links":{"self":[{"href":"https:\/\/ambskopje.esteri.it\/sq\/wp-json\/wp\/v2\/posts\/1280","targetHints":{"allow":["GET"]}}],"collection":[{"href":"https:\/\/ambskopje.esteri.it\/sq\/wp-json\/wp\/v2\/posts"}],"about":[{"href":"https:\/\/ambskopje.esteri.it\/sq\/wp-json\/wp\/v2\/types\/post"}],"author":[{"embeddable":true,"href":"https:\/\/ambskopje.esteri.it\/sq\/wp-json\/wp\/v2\/users\/1"}],"replies":[{"embeddable":true,"href":"https:\/\/ambskopje.esteri.it\/sq\/wp-json\/wp\/v2\/comments?post=1280"}],"version-history":[{"count":0,"href":"https:\/\/ambskopje.esteri.it\/sq\/wp-json\/wp\/v2\/posts\/1280\/revisions"}],"wp:attachment":[{"href":"https:\/\/ambskopje.esteri.it\/sq\/wp-json\/wp\/v2\/media?parent=1280"}],"wp:term":[{"taxonomy":"post_tag","embeddable":true,"href":"https:\/\/ambskopje.esteri.it\/sq\/wp-json\/wp\/v2\/tags?post=1280"}],"curies":[{"name":"wp","href":"https:\/\/api.w.org\/{rel}","templated":true}]}}