{"id":1253,"date":"2021-11-10T12:23:44","date_gmt":"2021-11-10T11:23:44","guid":{"rendered":"https:\/\/ambskopje.esteri.it\/news\/dall_ambasciata\/2021\/11\/procedura-di-selezione-per-l-assunzione-2\/"},"modified":"2021-11-10T12:23:44","modified_gmt":"2021-11-10T11:23:44","slug":"procedura-di-selezione-per-l-assunzione-2","status":"publish","type":"post","link":"https:\/\/ambskopje.esteri.it\/sq\/news\/dall_ambasciata\/2021\/11\/procedura-di-selezione-per-l-assunzione-2\/","title":{"rendered":"Procedura e p\u00ebrzgjedhjes p\u00ebr pranimin e nj\u00eb n\u00ebpun\u00ebsi me kontrat\u00eb t\u00eb p\u00ebrkohshme"},"content":{"rendered":"<p>Ambasada e Italis\u00eb n\u00eb Shkup ka shpallur konkurs p\u00ebr pranimin e n.1 n\u00ebpun\u00ebsi me kontrat\u00eb t\u00eb p\u00ebrkohshme p\u00ebr pozit\u00ebn e Bashk\u00ebpun\u00ebtorit n\u00eb sektorin e p\u00ebrkthimit-interpretimit. T\u00eb gjitha detajet jan\u00eb t\u00eb p\u00ebrfshira n\u00eb <a href=\"http:\/\/ambskopje.esteri.it\/ambasciata_skopje\/resource\/doc\/2021\/11\/avviso_di_assunzione.pdf\">Shpallje konkursi.<\/a><\/p>\n","protected":false},"excerpt":{"rendered":"Ambasada e Italis\u00eb n\u00eb Shkup ka shpallur konkurs p\u00ebr pranimin e n.1 n\u00ebpun\u00ebsi me kontrat\u00eb t\u00eb p\u00ebrkohshme p\u00ebr pozit\u00ebn e Bashk\u00ebpun\u00ebtorit n\u00eb sektorin e p\u00ebrkthimit-interpretimit. T\u00eb gjitha detajet jan\u00eb t\u00eb p\u00ebrfshira n\u00eb Shpallje konkursi.","protected":false},"author":1,"featured_media":0,"comment_status":"","ping_status":"","sticky":false,"template":"","format":"standard","meta":{"footnotes":""},"tags":[],"class_list":["post-1253","post","type-post","status-publish","format-standard","hentry"],"_links":{"self":[{"href":"https:\/\/ambskopje.esteri.it\/sq\/wp-json\/wp\/v2\/posts\/1253","targetHints":{"allow":["GET"]}}],"collection":[{"href":"https:\/\/ambskopje.esteri.it\/sq\/wp-json\/wp\/v2\/posts"}],"about":[{"href":"https:\/\/ambskopje.esteri.it\/sq\/wp-json\/wp\/v2\/types\/post"}],"author":[{"embeddable":true,"href":"https:\/\/ambskopje.esteri.it\/sq\/wp-json\/wp\/v2\/users\/1"}],"replies":[{"embeddable":true,"href":"https:\/\/ambskopje.esteri.it\/sq\/wp-json\/wp\/v2\/comments?post=1253"}],"version-history":[{"count":0,"href":"https:\/\/ambskopje.esteri.it\/sq\/wp-json\/wp\/v2\/posts\/1253\/revisions"}],"wp:attachment":[{"href":"https:\/\/ambskopje.esteri.it\/sq\/wp-json\/wp\/v2\/media?parent=1253"}],"wp:term":[{"taxonomy":"post_tag","embeddable":true,"href":"https:\/\/ambskopje.esteri.it\/sq\/wp-json\/wp\/v2\/tags?post=1253"}],"curies":[{"name":"wp","href":"https:\/\/api.w.org\/{rel}","templated":true}]}}