{"id":1225,"date":"2021-12-07T16:34:01","date_gmt":"2021-12-07T15:34:01","guid":{"rendered":"https:\/\/ambskopje.esteri.it\/news\/dall_ambasciata\/2021\/12\/nuova-normativa-sull-utilizzo-di-2\/"},"modified":"2021-12-07T16:34:01","modified_gmt":"2021-12-07T15:34:01","slug":"nuova-normativa-sull-utilizzo-di-2","status":"publish","type":"post","link":"https:\/\/ambskopje.esteri.it\/sq\/news\/dall_ambasciata\/2021\/12\/nuova-normativa-sull-utilizzo-di-2\/","title":{"rendered":"RREGULLA T\u00cb REJA P\u00cbR P\u00cbRDORIMIN E GREEN PASS-IT N\u00cb ITALI DERI M\u00cb 15 JANAR 2022"},"content":{"rendered":"<p>Ju informojm\u00eb se n\u00eb Itali nga e h\u00ebna 6 dhjetor p\u00ebr t\u00eb p\u00ebrdorur transportin publik lokal, transport hekurudhor rajonal dhe nd\u00ebrrajonal, si dhe p\u00ebr t\u00eb q\u00ebndruar n\u00eb hotele dhe ambiente t\u00eb tjera hotelierike, \u00ebsht\u00eb i detyruesh\u00ebm t\u00eb pakt\u00ebn \u00c7ertifikimi i gjelb\u00ebrt baz\u00eb.<\/p>\n<p>B\u00ebhet fjal\u00eb p\u00ebr \u00c7ertifikimin &#8211; Green Pass &#8211; i marr\u00eb pas vaksinimit me vaksina t\u00eb miratuara nga EMA (Pfizer, Moderna, Astra Zeneca, J&#038;J), ose pas sh\u00ebrimit nga Kovid-19, ose pas kryerjes s\u00eb nj\u00eb testi PCR ose nj\u00eb testi antigjenik n\u00eb 48 or\u00ebt e fundit. Testi antigjenik mund t\u00eb kryhet n\u00eb barnatore, e cila do t\u00eb l\u00ebshoj\u00eb \u00e7ertifikimin e gjelb\u00ebrt t\u00eb printuar ose do t&#8217;ia d\u00ebrgoj\u00eb me e-mail personit t\u00eb interesuar.<\/p>\n<p>Kontrollet n\u00eb mjetet e transportit do t\u00eb kryhen \u201crast\u00ebsisht\u201d dhe personat q\u00eb nuk kan\u00eb \u00e7ertifikat\u00ebn e gjelb\u00ebrt do t\u00eb gjobiten.<\/p>\n","protected":false},"excerpt":{"rendered":"Ju informojm\u00eb se n\u00eb Itali nga e h\u00ebna 6 dhjetor p\u00ebr t\u00eb p\u00ebrdorur transportin publik lokal, transport hekurudhor rajonal dhe nd\u00ebrrajonal, si dhe p\u00ebr t\u00eb q\u00ebndruar n\u00eb hotele dhe ambiente t\u00eb tjera hotelierike, \u00ebsht\u00eb i detyruesh\u00ebm t\u00eb pakt\u00ebn \u00c7ertifikimi i gjelb\u00ebrt baz\u00eb. B\u00ebhet fjal\u00eb p\u00ebr \u00c7ertifikimin &#8211; Green Pass &#8211; i marr\u00eb pas vaksinimit me [&hellip;]","protected":false},"author":1,"featured_media":0,"comment_status":"","ping_status":"","sticky":false,"template":"","format":"standard","meta":{"footnotes":""},"tags":[],"class_list":["post-1225","post","type-post","status-publish","format-standard","hentry"],"_links":{"self":[{"href":"https:\/\/ambskopje.esteri.it\/sq\/wp-json\/wp\/v2\/posts\/1225","targetHints":{"allow":["GET"]}}],"collection":[{"href":"https:\/\/ambskopje.esteri.it\/sq\/wp-json\/wp\/v2\/posts"}],"about":[{"href":"https:\/\/ambskopje.esteri.it\/sq\/wp-json\/wp\/v2\/types\/post"}],"author":[{"embeddable":true,"href":"https:\/\/ambskopje.esteri.it\/sq\/wp-json\/wp\/v2\/users\/1"}],"replies":[{"embeddable":true,"href":"https:\/\/ambskopje.esteri.it\/sq\/wp-json\/wp\/v2\/comments?post=1225"}],"version-history":[{"count":0,"href":"https:\/\/ambskopje.esteri.it\/sq\/wp-json\/wp\/v2\/posts\/1225\/revisions"}],"wp:attachment":[{"href":"https:\/\/ambskopje.esteri.it\/sq\/wp-json\/wp\/v2\/media?parent=1225"}],"wp:term":[{"taxonomy":"post_tag","embeddable":true,"href":"https:\/\/ambskopje.esteri.it\/sq\/wp-json\/wp\/v2\/tags?post=1225"}],"curies":[{"name":"wp","href":"https:\/\/api.w.org\/{rel}","templated":true}]}}