{"id":1203,"date":"2022-02-11T17:51:55","date_gmt":"2022-02-11T16:51:55","guid":{"rendered":"https:\/\/ambskopje.esteri.it\/news\/dall_ambasciata\/2022\/02\/nuovo-numero-per-telefonate-di-2\/"},"modified":"2022-02-11T17:51:55","modified_gmt":"2022-02-11T16:51:55","slug":"nuovo-numero-per-telefonate-di-2","status":"publish","type":"post","link":"https:\/\/ambskopje.esteri.it\/sq\/news\/dall_ambasciata\/2022\/02\/nuovo-numero-per-telefonate-di-2\/","title":{"rendered":"Num\u00ebr i ri p\u00ebr thirrjet telefonike emergjente"},"content":{"rendered":"<p>Nga sot n\u00eb Shkup, dhe pas 10 dit\u00ebsh n\u00eb gjith\u00eb Maqedonin\u00eb e Veriut, do t\u00eb hyj\u00eb n\u00eb funksion linja e re telefonike p\u00ebr thirrjet emergjente -112. N\u00ebp\u00ebrmjet k\u00ebsaj linje telefonike, qytetar\u00ebt do t\u00eb mund t\u00eb vihen n\u00eb kontakt me sh\u00ebrbimiet: mjek\u00ebt e emergjenc\u00ebs, policis\u00eb dhe zjarrfiks\u00ebve n\u00eb t\u00eb gjith shtetin. Ky numer i\u2019u shtohet atyre ekzistuese p\u00ebr thirrjet emergjente n\u00eb rast rreziku p\u00ebr jet\u00eb.<\/p>\n","protected":false},"excerpt":{"rendered":"Nga sot n\u00eb Shkup, dhe pas 10 dit\u00ebsh n\u00eb gjith\u00eb Maqedonin\u00eb e Veriut, do t\u00eb hyj\u00eb n\u00eb funksion linja e re telefonike p\u00ebr thirrjet emergjente -112. N\u00ebp\u00ebrmjet k\u00ebsaj linje telefonike, qytetar\u00ebt do t\u00eb mund t\u00eb vihen n\u00eb kontakt me sh\u00ebrbimiet: mjek\u00ebt e emergjenc\u00ebs, policis\u00eb dhe zjarrfiks\u00ebve n\u00eb t\u00eb gjith shtetin. Ky numer i\u2019u shtohet atyre [&hellip;]","protected":false},"author":1,"featured_media":0,"comment_status":"","ping_status":"","sticky":false,"template":"","format":"standard","meta":{"footnotes":""},"tags":[],"class_list":["post-1203","post","type-post","status-publish","format-standard","hentry"],"_links":{"self":[{"href":"https:\/\/ambskopje.esteri.it\/sq\/wp-json\/wp\/v2\/posts\/1203","targetHints":{"allow":["GET"]}}],"collection":[{"href":"https:\/\/ambskopje.esteri.it\/sq\/wp-json\/wp\/v2\/posts"}],"about":[{"href":"https:\/\/ambskopje.esteri.it\/sq\/wp-json\/wp\/v2\/types\/post"}],"author":[{"embeddable":true,"href":"https:\/\/ambskopje.esteri.it\/sq\/wp-json\/wp\/v2\/users\/1"}],"replies":[{"embeddable":true,"href":"https:\/\/ambskopje.esteri.it\/sq\/wp-json\/wp\/v2\/comments?post=1203"}],"version-history":[{"count":0,"href":"https:\/\/ambskopje.esteri.it\/sq\/wp-json\/wp\/v2\/posts\/1203\/revisions"}],"wp:attachment":[{"href":"https:\/\/ambskopje.esteri.it\/sq\/wp-json\/wp\/v2\/media?parent=1203"}],"wp:term":[{"taxonomy":"post_tag","embeddable":true,"href":"https:\/\/ambskopje.esteri.it\/sq\/wp-json\/wp\/v2\/tags?post=1203"}],"curies":[{"name":"wp","href":"https:\/\/api.w.org\/{rel}","templated":true}]}}