{"id":1193,"date":"2022-02-25T13:24:21","date_gmt":"2022-02-25T12:24:21","guid":{"rendered":"https:\/\/ambskopje.esteri.it\/news\/dall_ambasciata\/2022\/02\/regole-per-l-ingresso-in-italia-2\/"},"modified":"2022-02-25T13:24:21","modified_gmt":"2022-02-25T12:24:21","slug":"regole-per-l-ingresso-in-italia-2","status":"publish","type":"post","link":"https:\/\/ambskopje.esteri.it\/sq\/news\/dall_ambasciata\/2022\/02\/regole-per-l-ingresso-in-italia-2\/","title":{"rendered":"RREGULLAT E HYRJES N\u00cb ITALI VAZHDOHEN DERI M\u00cb 30 PRILL 2022"},"content":{"rendered":"<p>Sipas urdh\u00ebres\u00ebs s\u00eb Ministris\u00eb t\u00eb Sh\u00ebndet\u00ebsis\u00eb t\u00eb dat\u00ebs 29 mars 2022, e cila zgjat masat e urdh\u00ebres\u00ebs s\u00eb m\u00ebparshme t\u00eb dat\u00ebs 22 shkurt 2022, deri m\u00eb 30 prill 2022, p\u00ebr t\u00eb hyr\u00eb n\u00eb Itali nga Maqedonia e Veriut apo nga ndonj\u00eb vend tjet\u00ebr, mjafton t\u00eb posedoni:<\/p>\n<p>\u00c7ertifikaten e gjelbert Kovid-19 ( \u00c7ertificakten e vaksinimit, \u00c7ertifikaten q\u00eb demonstron se e keni kaluar Kovidin) ose test molekular\/antigjenik negativ<\/p>\n<p>Formularin PLF (Passenger Locator Form) n\u00eb form\u00eb digjitale ose n\u00eb let\u00ebr.<\/p>\n<p>N\u00eb rast se dokumentet e lart\u00ebp\u00ebrmendura nuk prezentohen, aplikohet masa e karantinimit p\u00ebr 5 dit\u00eb me obligimin q\u00eb t\u2019i n\u00ebnshtorheni testit molekular ose antigjenik n\u00eb fund t\u00eb periudh\u00ebs kohore.<\/p>\n<p>F\u00ebmij\u00ebt nd\u00ebr mosh\u00ebn gjasht\u00eb (6) vje\u00e7are jan\u00eb t\u00eb liruar nga obligimi q\u00eb t\u00eb b\u00ebjn\u00eb test molekular ose antigjenik.<\/p>\n<p>P\u00cbRJASHTIME<\/p>\n<p>Me kushtin q\u00eb t\u00eb mos shfaqen simptoma t\u00eb Covid-19 dhe p\u00ebrve\u00e7 detyrimit p\u00ebr t\u00eb paraqitur Passenger Locator Form, masat e rradhitura m\u00eb sip\u00ebr nuk aplikohen p\u00ebr:<\/p>\n<p>a) ndaj personelit t\u00eb mjeteve t\u00eb transportit;<\/p>\n<p>b) ndaj personelit q\u00eb udh\u00ebton p\u00ebr arsye pune;<\/p>\n<p>c) ndaj atyre q\u00eb punojn\u00eb n\u00eb zonat kufitare t\u00eb cil\u00ebt hyjn\u00eb\/dalin n\u00eb\/nga territori komb\u00ebtar p\u00ebr arsye t\u00eb provuara pune dhe, p\u00ebr pasoj\u00eb, kthehen n\u00eb vendbanimin, banes\u00ebn apo vendq\u00ebndrimin e tyre;<\/p>\n<p>d) ndaj nx\u00ebn\u00ebsve dhe student\u00ebve t\u00eb cil\u00ebt ndjekin studimet n\u00eb nj\u00eb Shtet t\u00eb ndrysh\u00ebm nga ai n\u00eb t\u00eb cilin kan\u00eb vendbanimin, banes\u00ebn apo vendq\u00ebndrimin e ku kthehen \u00e7do dit\u00eb ose t\u00eb pakt\u00ebn nj\u00eb her\u00eb n\u00eb jav\u00eb;<\/p>\n<p>e). ndaj kujtdo q\u00eb p\u00ebrshkon tranzit, me mjet privat, territorin italian p\u00ebr nj\u00eb periudh\u00eb kohore jo m\u00eb t\u00eb gjat\u00eb se tridhjet\u00eb e gjasht\u00eb or\u00eb, me detyrimin, n\u00eb p\u00ebrfundim t\u00eb k\u00ebtij afati, t\u00eb largohet menj\u00ebher\u00eb nga territori komb\u00ebtar ose, n\u00eb rast t\u00eb kund\u00ebrt, t\u00eb nis\u00eb periudh\u00ebn e vet\u00ebizolimit n\u00eb mir\u00ebbesim p\u00ebr pes\u00eb (5) dit\u00eb n\u00eb adres\u00ebn e sh\u00ebnuar n\u00eb PLF dhe t\u2019i n\u00ebnshtrohet nj\u00eb testi molekular ose antigjenik n\u00eb p\u00ebrfundim t\u00eb k\u00ebsaj periudhe vet\u00ebizolimi;<\/p>\n<p>f). ndaj kujtdo q\u00eb hyn n\u00eb territorin komb\u00ebtar pas nj\u00eb q\u00ebndrimi p\u00ebr jo m\u00eb shum\u00eb se dyzet\u00eb e tet\u00eb (48) or\u00eb n\u00eb vende t\u00eb huaja jo m\u00eb larg se 60 km nga vendbanimi, banesa ose vendq\u00ebndrimi, me kushtin q\u00eb udh\u00ebtimi t\u00eb kryhet me mjet privat;<\/p>\n<p>g). ndaj kujtdo i cili ka q\u00ebndruar p\u00ebr jo m\u00eb shum\u00eb se dyzet\u00eb e tet\u00eb (48) or\u00eb n\u00eb zona t\u00eb territorit komb\u00ebtar t\u00eb ndodhura jo m\u00eb larg se 60 km nga vendbanimi, banesa ose vendq\u00ebndrimi, me kushtin q\u00eb udh\u00ebtimi t\u00eb kryhet me mjet privat.<\/p>\n<p>P\u00ebr c\u00ebshtjet q\u00eb kan\u00eb t\u00eb b\u00ebjn\u00eb me Zyren Konsullore dhe Zyr\u00ebn e Vizave, t\u00eb interesuar\u00ebve u k\u00ebrkohet t\u00eb telefonojn\u00eb n\u00eb orar\u00ebt si n\u00eb vijim:<\/p>\n<p>T\u00eb h\u00ebn\u00ebn nga ora 10:00 deri n\u00eb ora 13:00 dhe nga ora 14:30 deri n\u00eb or\u00ebn 16:00. Nga e marta deri dit\u00ebn e Ejte nga ora 14:30 n\u00eb or\u00ebn 16:00, dhe t\u00eb premt\u00ebn nga ora 13:30 n\u00eb ora 15:00.<\/p>\n<p>+389 2 3236517<\/p>\n<p>+389 2 3236518<\/p>\n<p>+389 2 3236519<\/p>\n<p>+389 2 3236520<\/p>\n","protected":false},"excerpt":{"rendered":"Sipas urdh\u00ebres\u00ebs s\u00eb Ministris\u00eb t\u00eb Sh\u00ebndet\u00ebsis\u00eb t\u00eb dat\u00ebs 29 mars 2022, e cila zgjat masat e urdh\u00ebres\u00ebs s\u00eb m\u00ebparshme t\u00eb dat\u00ebs 22 shkurt 2022, deri m\u00eb 30 prill 2022, p\u00ebr t\u00eb hyr\u00eb n\u00eb Itali nga Maqedonia e Veriut apo nga ndonj\u00eb vend tjet\u00ebr, mjafton t\u00eb posedoni: \u00c7ertifikaten e gjelbert Kovid-19 ( \u00c7ertificakten e vaksinimit, \u00c7ertifikaten [&hellip;]","protected":false},"author":1,"featured_media":0,"comment_status":"","ping_status":"","sticky":false,"template":"","format":"standard","meta":{"footnotes":""},"tags":[],"class_list":["post-1193","post","type-post","status-publish","format-standard","hentry"],"_links":{"self":[{"href":"https:\/\/ambskopje.esteri.it\/sq\/wp-json\/wp\/v2\/posts\/1193","targetHints":{"allow":["GET"]}}],"collection":[{"href":"https:\/\/ambskopje.esteri.it\/sq\/wp-json\/wp\/v2\/posts"}],"about":[{"href":"https:\/\/ambskopje.esteri.it\/sq\/wp-json\/wp\/v2\/types\/post"}],"author":[{"embeddable":true,"href":"https:\/\/ambskopje.esteri.it\/sq\/wp-json\/wp\/v2\/users\/1"}],"replies":[{"embeddable":true,"href":"https:\/\/ambskopje.esteri.it\/sq\/wp-json\/wp\/v2\/comments?post=1193"}],"version-history":[{"count":0,"href":"https:\/\/ambskopje.esteri.it\/sq\/wp-json\/wp\/v2\/posts\/1193\/revisions"}],"wp:attachment":[{"href":"https:\/\/ambskopje.esteri.it\/sq\/wp-json\/wp\/v2\/media?parent=1193"}],"wp:term":[{"taxonomy":"post_tag","embeddable":true,"href":"https:\/\/ambskopje.esteri.it\/sq\/wp-json\/wp\/v2\/tags?post=1193"}],"curies":[{"name":"wp","href":"https:\/\/api.w.org\/{rel}","templated":true}]}}