{"id":1175,"date":"2022-03-10T16:54:44","date_gmt":"2022-03-10T15:54:44","guid":{"rendered":"https:\/\/ambskopje.esteri.it\/news\/dall_ambasciata\/2022\/03\/la-presidenza-italiana-del-consiglio-2\/"},"modified":"2022-03-10T16:54:44","modified_gmt":"2022-03-10T15:54:44","slug":"la-presidenza-italiana-del-consiglio-2","status":"publish","type":"post","link":"https:\/\/ambskopje.esteri.it\/sq\/news\/dall_ambasciata\/2022\/03\/la-presidenza-italiana-del-consiglio-2\/","title":{"rendered":"PRESIDENCA ITALIANE E K\u00cbSHILLIT T\u00cb EVROP\u00cbS SFIDAT E REJA DHE PERSPEKTIVAT E BASHK\u00cbPUNIMIT"},"content":{"rendered":"<p>Ambasadori Silvestri priti mbr\u00ebmjen e djeshme n\u00eb rezidenc\u00ebn e tij nj\u00eb takim kushtuar Presidenc\u00ebs Italiane t\u00eb Komitetit t\u00eb Ministrave t\u00eb K\u00ebshillit t\u00eb Evrop\u00ebs, i cili filloi m\u00eb 17 n\u00ebntor 2021 dhe do t\u00eb p\u00ebrfundoj\u00eb m\u00eb 22 maj.<\/p>\n<p>Ambasadori fillimisht n\u00ebnvizoi r\u00ebnd\u00ebsin\u00eb e K\u00ebshillit t\u00eb Evrop\u00ebs si nj\u00eb forum shum\u00ebpal\u00ebsh q\u00eb synon t\u00eb bashkoj\u00eb t\u00eb gjitha vendet evropiane mbi nj\u00eb baz\u00eb vlerash t\u00eb p\u00ebrbashk\u00ebta q\u00eb nuk mund t\u00eb shkelen, si\u00e7 tregohet nga pezullimi i fundit i t\u00eb drejt\u00ebs s\u00eb vot\u00ebs t\u00eb Federat\u00ebs Ruse.<\/p>\n<p>Silvestri m\u00eb pas ilustroi axhend\u00ebn e Presidenc\u00ebs italiane gjat\u00eb aktivitetit t\u00eb vendosur, jo rast\u00ebsisht\u00eb, af\u00ebr festimit t\u00eb 8 Marsit, duke theksuar prioritetet e saj, p\u00ebrfshir\u00eb luft\u00ebn kund\u00ebr dhun\u00ebs ndaj grave dhe kund\u00ebr diskriminimit gjinor, si dhe mbrojtjen e t\u00eb drejtave t\u00eb f\u00ebmij\u00ebt dhe adoleshent\u00ebt.<\/p>\n<p>Italia ka vendosur t&#8217;i jap\u00eb prioritet edhe dy makro fushave t\u00eb tjera, si\u00e7 \u00ebsht\u00eb mbrojtja e trash\u00ebgimis\u00eb kulturore &#8211; e cila ka qen\u00eb gjithmon\u00eb nj\u00eb element me r\u00ebnd\u00ebsi t\u00eb madhe p\u00ebr vendin ton\u00eb &#8211; si dhe mbrojtja e t\u00eb drejtave t\u00eb njeriut, t\u00eb r\u00ebn\u00eb n\u00eb kontekstin e pandemis\u00eb. edhe n\u00eb termat e \u201cHealth equality\u201d dhe \u201cSocial Resilience\u201d, si nevoj\u00eb p\u00ebr t\u00eb nd\u00ebrtuar nj\u00eb t\u00eb ardhme ku n\u00eb qend\u00ebr t\u00eb jet\u00eb njeriu, dhe kjo, si rrjedhim, edhe n\u00eb raport me tundimet e nj\u00eb bote t\u00eb kusht\u00ebzuar gjithnj\u00eb e m\u00eb shum\u00eb nga inteligjenca artificiale. Nj\u00eb axhend\u00eb, ajo italiane, e ndar\u00eb n\u00eb nj\u00eb s\u00ebr\u00eb ngjarjesh t\u00eb pasura, pjes\u00ebrisht t\u00eb realizuara, pjes\u00ebrisht p\u00ebr t&#8217;u realizuar, t\u00eb cilat Silvestri i ka p\u00ebrshkruar m\u00eb holl\u00ebsisht.<\/p>\n<p>N\u00eb k\u00ebt\u00eb ngjarje mor\u00ebn pjes\u00eb Z\u00ebvend\u00ebskryeministri p\u00ebr \u00e7\u00ebshtje evropiane, Bojan Mari\u00e7iq &#8211; i cili vlersoi mb\u00ebshtetjen e vazhdueshme t\u00eb Italis\u00eb p\u00ebr rrug\u00ebn evropiane t\u00eb vendit &#8211; Z\u00ebvend\u00ebskryeministrja p\u00ebr qeverisje t\u00eb mir\u00eb, Slavica Grkovska, Ministrja e kultur\u00ebs, Bisera Kostadinovska-Stoj\u00e7evska, p\u00ebrfaq\u00ebsuesja e K\u00ebshillit t\u00eb Evrop\u00ebs n\u00eb Shkup, Katalin Tamus &#8211; e cili ilustroi iniciativat e nd\u00ebrmarra nga organizata n\u00eb NMK &#8211; dhe Ambasadorin e Delegacionit t\u00eb BE-s\u00eb n\u00eb Shkup, David Geer.Gjithashtu mor\u00ebn pjes\u00eb p\u00ebrfaq\u00ebsues t\u00eb shoq\u00ebris\u00eb civile, n\u00eb ve\u00e7anti Asociacioni RYCO Maqedonia e Veriut, Helsinki Vommittee North Macedonia, Koordinatori Komb\u00ebtar i Programeve t\u00eb KEP dhe t\u00eb rinjt\u00eb q\u00eb p\u00ebrfaq\u00ebsonin Maqedonin\u00eb e Veriut n\u00eb kontekstin e Rome EU Balkan Yuouth Forum t\u00eb mbajtur n\u00eb Rom\u00eb n\u00ebntorin e kaluar, si pjes\u00eb e iniciativave n\u00eb kuad\u00ebr t\u00eb Konferenc\u00ebs p\u00ebr t\u00eb ardhmen e Evrop\u00ebs.<\/p>\n<p>Ngjarja ishte gjithashtu nj\u00eb mund\u00ebsi p\u00ebr t\u00eb prezantuar disa nga iniciativat e shumta t\u00eb bashk\u00ebpunimit t\u00eb financuara nga Italia n\u00eb Maqedonin\u00eb e Veriut, shum\u00eb prej t\u00eb cilave jan\u00eb t\u00eb lidhura drejtp\u00ebrdrejt me temat e Presidenc\u00ebs. N\u00eb ve\u00e7anti, u prezantua projekti kushtuar qasjes n\u00eb drejt\u00ebsi nga shtresat m\u00eb t\u00eb dob\u00ebta t\u00eb popullsis\u00eb, projektet e financuara p\u00ebrmes Fondit Ince-Bers n\u00eb kuad\u00ebr t\u00eb programit KEP, duke p\u00ebrfshir\u00eb projektin e dedikuar p\u00ebr shk\u00ebmbimin e njohurive nd\u00ebrmjet Italis\u00eb dhe Maqedonis\u00eb s\u00eb Veriut n\u00eb fusha e konservimin dhe menaxhimin inovativ t\u00eb trash\u00ebgimis\u00eb kulturore, dhe projektin &#8220;SMACH &#8211; Menaxhimi i Q\u00ebndruesh\u00ebm i Trash\u00ebgimis\u00eb Kulturore&#8221; p\u00ebr menaxhimin e q\u00ebndruesh\u00ebm t\u00eb trash\u00ebgimis\u00eb kulturore p\u00ebrball\u00eb k\u00ebrc\u00ebnimeve t\u00eb ndryshimeve klimatike, projekt i promovuar nga Universiteti Nd\u00ebrkomb\u00ebtar i Venecias n\u00eb bashk\u00ebpunim me institucione t\u00eb tjera t\u00eb r\u00ebnd\u00ebsishme italiane dhe rajoni, duke p\u00ebrfshir\u00eb UKIM t\u00eb Shkupit.<\/p>\n<p>\u00a0<a href=\"https:\/\/www.facebook.com\/story.php?story_fbid=4671140539674859&#038;id=961163677339249\">https:\/\/www.facebook.com\/story.php?story_fbid=4671140539674859&#038;id=961163677339249<\/a><\/p>\n<p>\u00a0<\/p>\n<p>\u00a0<\/p>\n","protected":false},"excerpt":{"rendered":"Ambasadori Silvestri priti mbr\u00ebmjen e djeshme n\u00eb rezidenc\u00ebn e tij nj\u00eb takim kushtuar Presidenc\u00ebs Italiane t\u00eb Komitetit t\u00eb Ministrave t\u00eb K\u00ebshillit t\u00eb Evrop\u00ebs, i cili filloi m\u00eb 17 n\u00ebntor 2021 dhe do t\u00eb p\u00ebrfundoj\u00eb m\u00eb 22 maj. Ambasadori fillimisht n\u00ebnvizoi r\u00ebnd\u00ebsin\u00eb e K\u00ebshillit t\u00eb Evrop\u00ebs si nj\u00eb forum shum\u00ebpal\u00ebsh q\u00eb synon t\u00eb bashkoj\u00eb t\u00eb gjitha [&hellip;]","protected":false},"author":1,"featured_media":0,"comment_status":"","ping_status":"","sticky":false,"template":"","format":"standard","meta":{"footnotes":""},"tags":[],"class_list":["post-1175","post","type-post","status-publish","format-standard","hentry"],"_links":{"self":[{"href":"https:\/\/ambskopje.esteri.it\/sq\/wp-json\/wp\/v2\/posts\/1175","targetHints":{"allow":["GET"]}}],"collection":[{"href":"https:\/\/ambskopje.esteri.it\/sq\/wp-json\/wp\/v2\/posts"}],"about":[{"href":"https:\/\/ambskopje.esteri.it\/sq\/wp-json\/wp\/v2\/types\/post"}],"author":[{"embeddable":true,"href":"https:\/\/ambskopje.esteri.it\/sq\/wp-json\/wp\/v2\/users\/1"}],"replies":[{"embeddable":true,"href":"https:\/\/ambskopje.esteri.it\/sq\/wp-json\/wp\/v2\/comments?post=1175"}],"version-history":[{"count":0,"href":"https:\/\/ambskopje.esteri.it\/sq\/wp-json\/wp\/v2\/posts\/1175\/revisions"}],"wp:attachment":[{"href":"https:\/\/ambskopje.esteri.it\/sq\/wp-json\/wp\/v2\/media?parent=1175"}],"wp:term":[{"taxonomy":"post_tag","embeddable":true,"href":"https:\/\/ambskopje.esteri.it\/sq\/wp-json\/wp\/v2\/tags?post=1175"}],"curies":[{"name":"wp","href":"https:\/\/api.w.org\/{rel}","templated":true}]}}