{"id":1126,"date":"2022-04-28T14:52:43","date_gmt":"2022-04-28T12:52:43","guid":{"rendered":"https:\/\/ambskopje.esteri.it\/news\/dall_ambasciata\/2022\/04\/apertura-candidatura-bando-kep-2\/"},"modified":"2022-04-28T14:52:43","modified_gmt":"2022-04-28T12:52:43","slug":"apertura-candidatura-bando-kep-2","status":"publish","type":"post","link":"https:\/\/ambskopje.esteri.it\/sq\/news\/dall_ambasciata\/2022\/04\/apertura-candidatura-bando-kep-2\/","title":{"rendered":"Thirrje e hapur p\u00ebr aplikime p\u00ebr KEP 2022"},"content":{"rendered":"<p>Jan\u00eb t\u00eb hapura afatet e dor\u00ebzimit t\u00eb projekt-propozimeve q\u00eb do t\u00eb bashk\u00ebfinancohen n\u00eb kuad\u00ebr t\u00eb programit \u201cKnow-How Exchange\u201d, financuar t\u00ebr\u00ebsisht nga Italia n\u00ebp\u00ebrmjet Fondit CEI-EBRD. Programi synon zhvillimin socio-ekonomik dhe p\u00ebrhapjen e vlerave dhe standardeve t\u00eb BE-s\u00eb p\u00ebrmes bashk\u00ebpunimit nd\u00ebrmjet subjekteve juridike publike dhe private t\u00eb vendeve an\u00ebtare t\u00eb CEI an\u00ebtar\u00eb t\u00eb BE-s\u00eb dhe partner\u00ebve t\u00eb CEI vendeve jo an\u00ebtare t\u00eb BE-s\u00eb. Propozimet mund t\u00eb dor\u00ebzohen deri m\u00eb 13 qershor 2022 nga persona juridik\u00eb privat\u00eb ose publik\u00eb, duke p\u00ebrfshir\u00eb organizatat nd\u00ebrkomb\u00ebtare, q\u00eb kan\u00eb selin\u00eb e tyre t\u00eb regjistruar dhe q\u00eb veprojn\u00eb n\u00eb vendet CEI dhe duhet t\u00eb ken\u00eb t\u00eb b\u00ebjn\u00eb me iniciativat e bashk\u00ebpunimit n\u00eb dobi t\u00eb partner\u00ebve privat\u00eb ose publik\u00eb q\u00eb kan\u00eb selin\u00eb e tyre t\u00eb regjistruar n\u00eb vendet CEI jo an\u00ebtar\u00eb t\u00eb BE-s\u00eb. P\u00ebr m\u00eb shum\u00eb detaje, ju k\u00ebshillojm\u00eb t\u00eb shikoni videon e m\u00ebposhtme:<a href=\"https:\/\/vimeo.com\/684700333\/c0f99c51f3\">https:\/\/vimeo.com\/684700333\/c0f99c51f3<\/a>\u00a0<\/p>\n","protected":false},"excerpt":{"rendered":"Jan\u00eb t\u00eb hapura afatet e dor\u00ebzimit t\u00eb projekt-propozimeve q\u00eb do t\u00eb bashk\u00ebfinancohen n\u00eb kuad\u00ebr t\u00eb programit \u201cKnow-How Exchange\u201d, financuar t\u00ebr\u00ebsisht nga Italia n\u00ebp\u00ebrmjet Fondit CEI-EBRD. Programi synon zhvillimin socio-ekonomik dhe p\u00ebrhapjen e vlerave dhe standardeve t\u00eb BE-s\u00eb p\u00ebrmes bashk\u00ebpunimit nd\u00ebrmjet subjekteve juridike publike dhe private t\u00eb vendeve an\u00ebtare t\u00eb CEI an\u00ebtar\u00eb t\u00eb BE-s\u00eb dhe partner\u00ebve [&hellip;]","protected":false},"author":1,"featured_media":0,"comment_status":"","ping_status":"","sticky":false,"template":"","format":"standard","meta":{"footnotes":""},"tags":[],"class_list":["post-1126","post","type-post","status-publish","format-standard","hentry"],"_links":{"self":[{"href":"https:\/\/ambskopje.esteri.it\/sq\/wp-json\/wp\/v2\/posts\/1126","targetHints":{"allow":["GET"]}}],"collection":[{"href":"https:\/\/ambskopje.esteri.it\/sq\/wp-json\/wp\/v2\/posts"}],"about":[{"href":"https:\/\/ambskopje.esteri.it\/sq\/wp-json\/wp\/v2\/types\/post"}],"author":[{"embeddable":true,"href":"https:\/\/ambskopje.esteri.it\/sq\/wp-json\/wp\/v2\/users\/1"}],"replies":[{"embeddable":true,"href":"https:\/\/ambskopje.esteri.it\/sq\/wp-json\/wp\/v2\/comments?post=1126"}],"version-history":[{"count":0,"href":"https:\/\/ambskopje.esteri.it\/sq\/wp-json\/wp\/v2\/posts\/1126\/revisions"}],"wp:attachment":[{"href":"https:\/\/ambskopje.esteri.it\/sq\/wp-json\/wp\/v2\/media?parent=1126"}],"wp:term":[{"taxonomy":"post_tag","embeddable":true,"href":"https:\/\/ambskopje.esteri.it\/sq\/wp-json\/wp\/v2\/tags?post=1126"}],"curies":[{"name":"wp","href":"https:\/\/api.w.org\/{rel}","templated":true}]}}