{"id":1105,"date":"2022-05-05T07:26:47","date_gmt":"2022-05-05T05:26:47","guid":{"rendered":"https:\/\/ambskopje.esteri.it\/news\/dall_ambasciata\/2022\/05\/bando-per-concorso-premio-annuale-2\/"},"modified":"2022-05-05T07:26:47","modified_gmt":"2022-05-05T05:26:47","slug":"bando-per-concorso-premio-annuale-2","status":"publish","type":"post","link":"https:\/\/ambskopje.esteri.it\/sq\/news\/dall_ambasciata\/2022\/05\/bando-per-concorso-premio-annuale-2\/","title":{"rendered":"SHPALLJE P\u00cbR GAR\u00cb-\u00c7MIMI &#8220;VIVO D\u2019ARTE\u201d 2022"},"content":{"rendered":"<p>Ministria e pun\u00ebve t\u00eb jashtme dhe bashk\u00ebpunimit nd\u00ebrkomb\u00ebtar (MAECI &#8211; Drejtoria e P\u00ebrgjithshme p\u00ebr promovimin e sistemit t\u00eb Shetit &#8211; Direzione Generale per la Promozione del Sistema Paese) s\u00eb bashku me DGIT, edhe p\u00ebr vitin 2022 shpall nj\u00eb gar\u00eb-\u00e7mimi p\u00ebr projektin &#8220;Vivo d\u2019Arte\u201d i dedikuar artist\u00ebve t\u00eb rinj italian\u00eb (t\u00eb cil\u00ebt nuk kan\u00eb mbushur 36 vjet), banor\u00eb t\u00eb p\u00ebrhersh\u00ebm jasht\u00eb vendit.<\/p>\n<p>Iniciativa n\u00eb fakt u\u00a0tregua si nj\u00eb mjet i shk\u00eblqyer p\u00ebr rritjen e kreativitetin dhe talentin e italian\u00ebve t\u00eb rinj q\u00eb jetojn\u00eb jasht\u00eb vendit, me q\u00ebllimin p\u00ebrfundimtar p\u00ebr t\u00eb promovuar integrimin dhe kontaminimin me kulturat dhe skenat artistike vendase dhe p\u00ebr t\u00eb kontribuar n\u00eb krijimin e nj\u00eb rrjeti nd\u00ebrkomb\u00ebtar t\u00eb artist\u00ebve italian\u00eb.<\/p>\n<p>\u00c7mimi p\u00ebrfshin dy deg\u00eb t\u00eb ve\u00e7anta: nj\u00eb p\u00ebr artet skenike (muzika, teatri, valle bashk\u00ebkohore), e dyta p\u00ebr artet figurative (artet figurative, skulptura, video art), t\u00eb organizuar nga Ministria n\u00eb bashk\u00ebpunim me partneret Fondazione Romaeuropa p\u00ebt artet skenike dhe Muzeu i Artit Modern n\u00eb Bolonj\u00eb MAMbo p\u00ebr artet figurative.<\/p>\n<p>P\u00ebr t&#8217;u pranuar n\u00eb gar\u00ebn &#8211; \u00e7mim, artist\u00ebt q\u00eb dor\u00ebzojn\u00eb projektin e tyre duhet:<\/p>\n<p>a) t\u00eb jen\u00eb me shtet\u00ebsi italiane;<\/p>\n<p>b) t\u00eb jan\u00eb regjistruar n\u00eb AIRE p\u00ebr s\u00eb paku nj\u00eb vit n\u00eb dat\u00ebn e skadimit t\u00eb thirrjes;<\/p>\n<p>c) t\u00eb mos jen\u00eb mbi 36 vje\u00e7 n\u00eb dat\u00ebn e skadimit t\u00eb thirrjes;<\/p>\n<p>d) t\u00eb jen\u00eb artist\u00eb t\u00eb d\u00ebshmuar q\u00eb punojn\u00eb n\u00eb sektor\u00eb t\u00eb ve\u00e7ant\u00eb t\u00eb teatrit, valljes ose muzik\u00ebs bashk\u00ebkohore n\u00eb kuptimin m\u00eb t\u00eb gjer\u00eb t\u00eb termit.<\/p>\n<p>N\u00eb vler\u00ebsimin e projekteve t\u00eb paraqitura, v\u00ebmendje e ve\u00e7ant\u00eb do t&#8217;i kushtohet origjinalitetit, valorizimit t\u00eb elementeve t\u00eb kontaminimit dhe takimit t\u00eb kultur\u00ebs italiane dhe asaj t\u00eb vendeve t\u00eb huaja t\u00eb rezidenc\u00ebs s\u00eb artist\u00ebve, karakterit t\u00eb mundsh\u00ebm t\u00eb integrimit midis dy ose m\u00eb shum\u00eb degave artistike (teat\u00ebr, muzik\u00eb, valle) t\u00eb p\u00ebrfshira n\u00eb vepr\u00ebn e propozuar.<\/p>\n<p>P\u00ebr \u00e7do informacion tjet\u00ebr, konsultoni shpalljen e plot\u00eb t\u00eb \u00c7mimit &#8220;Vivo d\u2019Arte \u2013 Arti performative&#8221; (<a href=\"http:\/\/ambskopje.esteri.it\/ambasciata_skopje\/resource\/doc\/2022\/05\/regolamento-vivo-darte-2022-def.pdf\">link<\/a>).<\/p>\n<p><strong>AFATI P\u00cbR DOR\u00cbZIMIN E PROJEKTIT \u00cbSHT\u00cb 8 MAJ 2022.<\/strong><\/p>\n","protected":false},"excerpt":{"rendered":"Ministria e pun\u00ebve t\u00eb jashtme dhe bashk\u00ebpunimit nd\u00ebrkomb\u00ebtar (MAECI &#8211; Drejtoria e P\u00ebrgjithshme p\u00ebr promovimin e sistemit t\u00eb Shetit &#8211; Direzione Generale per la Promozione del Sistema Paese) s\u00eb bashku me DGIT, edhe p\u00ebr vitin 2022 shpall nj\u00eb gar\u00eb-\u00e7mimi p\u00ebr projektin &#8220;Vivo d\u2019Arte\u201d i dedikuar artist\u00ebve t\u00eb rinj italian\u00eb (t\u00eb cil\u00ebt nuk kan\u00eb mbushur 36 [&hellip;]","protected":false},"author":1,"featured_media":0,"comment_status":"","ping_status":"","sticky":false,"template":"","format":"standard","meta":{"footnotes":""},"tags":[],"class_list":["post-1105","post","type-post","status-publish","format-standard","hentry"],"_links":{"self":[{"href":"https:\/\/ambskopje.esteri.it\/sq\/wp-json\/wp\/v2\/posts\/1105","targetHints":{"allow":["GET"]}}],"collection":[{"href":"https:\/\/ambskopje.esteri.it\/sq\/wp-json\/wp\/v2\/posts"}],"about":[{"href":"https:\/\/ambskopje.esteri.it\/sq\/wp-json\/wp\/v2\/types\/post"}],"author":[{"embeddable":true,"href":"https:\/\/ambskopje.esteri.it\/sq\/wp-json\/wp\/v2\/users\/1"}],"replies":[{"embeddable":true,"href":"https:\/\/ambskopje.esteri.it\/sq\/wp-json\/wp\/v2\/comments?post=1105"}],"version-history":[{"count":0,"href":"https:\/\/ambskopje.esteri.it\/sq\/wp-json\/wp\/v2\/posts\/1105\/revisions"}],"wp:attachment":[{"href":"https:\/\/ambskopje.esteri.it\/sq\/wp-json\/wp\/v2\/media?parent=1105"}],"wp:term":[{"taxonomy":"post_tag","embeddable":true,"href":"https:\/\/ambskopje.esteri.it\/sq\/wp-json\/wp\/v2\/tags?post=1105"}],"curies":[{"name":"wp","href":"https:\/\/api.w.org\/{rel}","templated":true}]}}