{"id":1068,"date":"2022-05-26T09:08:07","date_gmt":"2022-05-26T07:08:07","guid":{"rendered":"https:\/\/ambskopje.esteri.it\/news\/dall_ambasciata\/2022\/05\/incontro-tra-il-ministro-lamorgese-2\/"},"modified":"2022-05-26T09:08:07","modified_gmt":"2022-05-26T07:08:07","slug":"incontro-tra-il-ministro-lamorgese-2","status":"publish","type":"post","link":"https:\/\/ambskopje.esteri.it\/sq\/news\/dall_ambasciata\/2022\/05\/incontro-tra-il-ministro-lamorgese-2\/","title":{"rendered":"Takim mes Ministres Lamorgese dhe Ministrit Spasovski"},"content":{"rendered":"<p>Ministrja e Pun\u00ebve t\u00eb Brendshme Luciana Lamorgese priti sot n\u00eb Rom\u00eb Ministrin e Pun\u00ebve t\u00eb Brendshme Oliver Spasovski. Vizita e ministrit t\u00eb Maqedonis\u00eb s\u00eb Veriut, e cila pason at\u00eb t\u00eb 30 n\u00ebntorit t\u00eb ministres italiane n\u00eb Shkup, konfirmon bashk\u00ebpunimin e shk\u00eblqyer n\u00eb fush\u00ebn e pun\u00ebve t\u00eb brendshme dhe t\u00eb siguris\u00eb. P\u00ebrve\u00e7 luft\u00ebs kund\u00ebr trafikut t\u00eb drog\u00ebs dhe krimit t\u00eb organizuar, ministrat diskutuan edhe p\u00ebr aktivitetet kund\u00ebr korrupsionit dhe luft\u00ebn kund\u00ebr migracionit t\u00eb paligjsh\u00ebm p\u00ebrgjat\u00eb rrug\u00ebs ballkanike.<\/p>\n<p>Me rastin e takimit, Shefi i policis\u00eb italiane Lamberto Giannini dhe drejtori i Byros\u00eb p\u00ebr siguri publike n\u00eb MPB t\u00eb Maqedonis\u00eb s\u00eb Veriut, Sasho Tasevski, n\u00ebnshkruan edhe Memorandum p\u00ebr bashk\u00ebpunim n\u00eb luft\u00ebn kund\u00ebr trafikut t\u00eb drog\u00ebs. Memorandumi do t\u00eb mund\u00ebsoj\u00eb forcimin e bashk\u00ebpunimit hetimor n\u00eb nivel teknik dhe operacional p\u00ebr marrjen e provave n\u00eb lidhje me legjislacionin p\u00ebrkat\u00ebs p\u00ebr veprat penale t\u00eb drog\u00ebs dhe prekursor\u00ebt kimik\u00eb, si dhe p\u00ebr sekuestrimin e drogave kontraband\u00eb dhe \u00e7montimin e organizatave kriminale transnacionale t\u00eb lidhura me to.<\/p>\n","protected":false},"excerpt":{"rendered":"Ministrja e Pun\u00ebve t\u00eb Brendshme Luciana Lamorgese priti sot n\u00eb Rom\u00eb Ministrin e Pun\u00ebve t\u00eb Brendshme Oliver Spasovski. Vizita e ministrit t\u00eb Maqedonis\u00eb s\u00eb Veriut, e cila pason at\u00eb t\u00eb 30 n\u00ebntorit t\u00eb ministres italiane n\u00eb Shkup, konfirmon bashk\u00ebpunimin e shk\u00eblqyer n\u00eb fush\u00ebn e pun\u00ebve t\u00eb brendshme dhe t\u00eb siguris\u00eb. P\u00ebrve\u00e7 luft\u00ebs kund\u00ebr trafikut t\u00eb [&hellip;]","protected":false},"author":1,"featured_media":0,"comment_status":"","ping_status":"","sticky":false,"template":"","format":"standard","meta":{"footnotes":""},"tags":[],"class_list":["post-1068","post","type-post","status-publish","format-standard","hentry"],"_links":{"self":[{"href":"https:\/\/ambskopje.esteri.it\/sq\/wp-json\/wp\/v2\/posts\/1068","targetHints":{"allow":["GET"]}}],"collection":[{"href":"https:\/\/ambskopje.esteri.it\/sq\/wp-json\/wp\/v2\/posts"}],"about":[{"href":"https:\/\/ambskopje.esteri.it\/sq\/wp-json\/wp\/v2\/types\/post"}],"author":[{"embeddable":true,"href":"https:\/\/ambskopje.esteri.it\/sq\/wp-json\/wp\/v2\/users\/1"}],"replies":[{"embeddable":true,"href":"https:\/\/ambskopje.esteri.it\/sq\/wp-json\/wp\/v2\/comments?post=1068"}],"version-history":[{"count":0,"href":"https:\/\/ambskopje.esteri.it\/sq\/wp-json\/wp\/v2\/posts\/1068\/revisions"}],"wp:attachment":[{"href":"https:\/\/ambskopje.esteri.it\/sq\/wp-json\/wp\/v2\/media?parent=1068"}],"wp:term":[{"taxonomy":"post_tag","embeddable":true,"href":"https:\/\/ambskopje.esteri.it\/sq\/wp-json\/wp\/v2\/tags?post=1068"}],"curies":[{"name":"wp","href":"https:\/\/api.w.org\/{rel}","templated":true}]}}