{"id":1058,"date":"2022-06-01T16:26:35","date_gmt":"2022-06-01T14:26:35","guid":{"rendered":"https:\/\/ambskopje.esteri.it\/news\/dall_ambasciata\/2022\/06\/dal-1-giugno-stop-green-pass-per-2\/"},"modified":"2022-06-01T16:26:35","modified_gmt":"2022-06-01T14:26:35","slug":"dal-1-giugno-stop-green-pass-per-2","status":"publish","type":"post","link":"https:\/\/ambskopje.esteri.it\/sq\/news\/dall_ambasciata\/2022\/06\/dal-1-giugno-stop-green-pass-per-2\/","title":{"rendered":"NGA 1 QERSHOR NUK NEVOJITET CERTIFIKATA E GJELB\u00cbR KOVID P\u00cbR HYRJE N\u00cb ITALI"},"content":{"rendered":"<p>M\u00eb 31 maj skadon Dekreti i Ministris\u00eb s\u00eb Sh\u00ebndet\u00ebsis\u00eb, i cili parashikonte certifikat\u00eb t\u00eb detyrueshme p\u00ebr Kovid-19 p\u00ebr hyrje n\u00eb Itali. Masa nuk do t\u00eb zgjatet.<\/p>\n","protected":false},"excerpt":{"rendered":"M\u00eb 31 maj skadon Dekreti i Ministris\u00eb s\u00eb Sh\u00ebndet\u00ebsis\u00eb, i cili parashikonte certifikat\u00eb t\u00eb detyrueshme p\u00ebr Kovid-19 p\u00ebr hyrje n\u00eb Itali. Masa nuk do t\u00eb zgjatet.","protected":false},"author":1,"featured_media":0,"comment_status":"","ping_status":"","sticky":false,"template":"","format":"standard","meta":{"footnotes":""},"tags":[],"class_list":["post-1058","post","type-post","status-publish","format-standard","hentry"],"_links":{"self":[{"href":"https:\/\/ambskopje.esteri.it\/sq\/wp-json\/wp\/v2\/posts\/1058","targetHints":{"allow":["GET"]}}],"collection":[{"href":"https:\/\/ambskopje.esteri.it\/sq\/wp-json\/wp\/v2\/posts"}],"about":[{"href":"https:\/\/ambskopje.esteri.it\/sq\/wp-json\/wp\/v2\/types\/post"}],"author":[{"embeddable":true,"href":"https:\/\/ambskopje.esteri.it\/sq\/wp-json\/wp\/v2\/users\/1"}],"replies":[{"embeddable":true,"href":"https:\/\/ambskopje.esteri.it\/sq\/wp-json\/wp\/v2\/comments?post=1058"}],"version-history":[{"count":0,"href":"https:\/\/ambskopje.esteri.it\/sq\/wp-json\/wp\/v2\/posts\/1058\/revisions"}],"wp:attachment":[{"href":"https:\/\/ambskopje.esteri.it\/sq\/wp-json\/wp\/v2\/media?parent=1058"}],"wp:term":[{"taxonomy":"post_tag","embeddable":true,"href":"https:\/\/ambskopje.esteri.it\/sq\/wp-json\/wp\/v2\/tags?post=1058"}],"curies":[{"name":"wp","href":"https:\/\/api.w.org\/{rel}","templated":true}]}}