{"id":1024,"date":"2022-07-11T17:23:55","date_gmt":"2022-07-11T15:23:55","guid":{"rendered":"https:\/\/ambskopje.esteri.it\/news\/dall_ambasciata\/2022\/07\/procedura-di-selezione-per-l-assunzione_0-2\/"},"modified":"2022-07-11T17:23:55","modified_gmt":"2022-07-11T15:23:55","slug":"procedura-di-selezione-per-l-assunzione_0-2","status":"publish","type":"post","link":"https:\/\/ambskopje.esteri.it\/sq\/news\/dall_ambasciata\/2022\/07\/procedura-di-selezione-per-l-assunzione_0-2\/","title":{"rendered":"Procedura e p\u00ebrzgjedhjes p\u00ebr pranimin e nj\u00eb n\u00ebpun\u00ebsi me kontrat\u00eb t\u00eb p\u00ebrkohshme"},"content":{"rendered":"<p>Ambasada e Italis\u00eb n\u00eb Shkup ka shpallur konkurs p\u00ebr pranimin e n.1 n\u00ebpun\u00ebsi me kontrat\u00eb t\u00eb p\u00ebrkohshme p\u00ebr pozit\u00ebn e Bashk\u00ebpun\u00ebtorit n\u00eb sektorin e p\u00ebrkthimit-interpretimit. T\u00eb gjitha detajet jan\u00eb t\u00eb p\u00ebrfshira n\u00eb <a href=\"http:\/\/ambskopje.esteri.it\/ambasciata_skopje\/resource\/doc\/2022\/07\/avviso_assunzione_impiegato_temporaneo.pdf\">Shpallje konkursi.<\/a><\/p>\n","protected":false},"excerpt":{"rendered":"Ambasada e Italis\u00eb n\u00eb Shkup ka shpallur konkurs p\u00ebr pranimin e n.1 n\u00ebpun\u00ebsi me kontrat\u00eb t\u00eb p\u00ebrkohshme p\u00ebr pozit\u00ebn e Bashk\u00ebpun\u00ebtorit n\u00eb sektorin e p\u00ebrkthimit-interpretimit. T\u00eb gjitha detajet jan\u00eb t\u00eb p\u00ebrfshira n\u00eb Shpallje konkursi.","protected":false},"author":1,"featured_media":0,"comment_status":"","ping_status":"","sticky":false,"template":"","format":"standard","meta":{"footnotes":""},"tags":[],"class_list":["post-1024","post","type-post","status-publish","format-standard","hentry"],"_links":{"self":[{"href":"https:\/\/ambskopje.esteri.it\/sq\/wp-json\/wp\/v2\/posts\/1024","targetHints":{"allow":["GET"]}}],"collection":[{"href":"https:\/\/ambskopje.esteri.it\/sq\/wp-json\/wp\/v2\/posts"}],"about":[{"href":"https:\/\/ambskopje.esteri.it\/sq\/wp-json\/wp\/v2\/types\/post"}],"author":[{"embeddable":true,"href":"https:\/\/ambskopje.esteri.it\/sq\/wp-json\/wp\/v2\/users\/1"}],"replies":[{"embeddable":true,"href":"https:\/\/ambskopje.esteri.it\/sq\/wp-json\/wp\/v2\/comments?post=1024"}],"version-history":[{"count":0,"href":"https:\/\/ambskopje.esteri.it\/sq\/wp-json\/wp\/v2\/posts\/1024\/revisions"}],"wp:attachment":[{"href":"https:\/\/ambskopje.esteri.it\/sq\/wp-json\/wp\/v2\/media?parent=1024"}],"wp:term":[{"taxonomy":"post_tag","embeddable":true,"href":"https:\/\/ambskopje.esteri.it\/sq\/wp-json\/wp\/v2\/tags?post=1024"}],"curies":[{"name":"wp","href":"https:\/\/api.w.org\/{rel}","templated":true}]}}