{"id":970,"date":"2022-09-12T14:05:27","date_gmt":"2022-09-12T12:05:27","guid":{"rendered":"https:\/\/ambskopje.esteri.it\/news\/dall_ambasciata\/2022\/09\/intervento-del-presidente-della\/"},"modified":"2022-09-12T14:05:27","modified_gmt":"2022-09-12T12:05:27","slug":"intervento-del-presidente-della","status":"publish","type":"post","link":"https:\/\/ambskopje.esteri.it\/it\/news\/dall_ambasciata\/2022\/09\/intervento-del-presidente-della\/","title":{"rendered":"Intervento del Presidente della Repubblica Sergio Mattarella all&#8217;Assemblea in occasione della Visita Ufficiale nella Repubblica della Macedonia del Nord"},"content":{"rendered":"<p>Signor Presidente della Repubblica,<\/p>\n<p>Signor Presidente dell\u2019Assemblea,<\/p>\n<p>Signor Primo Ministro,<\/p>\n<p>Signora Presidente della Corte Suprema,<\/p>\n<p>Signore e Signori Deputati,<\/p>\n<p>Signore e Signori,<\/p>\n<p>l\u2019opportunit\u00e0 di visitare la Macedonia del Nord, grazie all\u2019invito del Presidente Pendarovski, e di intervenire oggi in questo consesso, costituisce per me e per la Repubblica Italiana motivo di riconoscenza e riafferma l\u2019amicizia che unisce i nostri Paesi e i nostri popoli.<\/p>\n<p>Un\u2019amicizia che ha radici profonde, alimentata da una spontanea simpatia, da un senso di reciproca comprensione che non \u00e8 mai venuto meno.<\/p>\n<p>Nel secondo dopoguerra, pur con le limitazioni imposte dall\u2019assetto geopolitico dell\u2019epoca, l\u2019Italia ha continuato a guardare con immutata simpatia e stima e continuo interesse al vostro popolo.<\/p>\n<p>Ne \u00e8 testimonianza il forte moto di solidariet\u00e0 che, all\u2019indomani del terribile terremoto che nel 1963 sconvolse Skopje, spinse oltre duecento artisti italiani \u2013 da Guttuso a Fontana, da Burri a Rotella \u2013 a donare oltre trecento delle proprie opere, oggi conservate presso il Museo di Arte Contemporanea di questa Capitale.<\/p>\n<p>Con l\u2019indipendenza, di cui ieri \u00e8 stato celebrato il trentunesimo anniversario, si sono dischiuse ulteriori opportunit\u00e0 per lo sviluppo dei nostri rapporti in tutti i campi, e tra questi, tutt\u2019altro che secondario, quello culturale.<\/p>\n<p>\u00c8 motivo di orgoglio per l\u2019Italia che presso l\u2019Universit\u00e0 Santi Cirillo e Metodio di Skopje, la lingua italiana sia insegnata da oltre sessant\u2019anni e che, attualmente, nelle scuole primarie e secondarie numerosi studenti macedoni abbiano scelto di apprendere l\u2019italiano nel corso dei propri studi, segno del dinamismo e della attualit\u00e0 del vincolo che ci unisce.<\/p>\n<p>Si tratta di un sentimento di profonda amicizia &#8211; emerso nella cos\u00ec calorosa accoglienza riservatami dal Presidente Pendarovski, oltre che nei colloqui che ho avuto il piacere di avere con lui a Roma negli anni passati &#8211; che rispecchia l\u2019animo dei nostri popoli, a cominciare dai tanti vostri connazionali che hanno fatto dell\u2019Italia il loro paese di elezione, dando un contributo significativo alla crescita del mio Paese e allo sviluppo della cooperazione tra le nostre economie e le nostre societ\u00e0.<\/p>\n<p>L\u2019Italia ha sempre assicurato &#8211; e continuer\u00e0 a farlo \u2013 un sostegno deciso al percorso di avvicinamento della Macedonia del Nord all\u2019Europa.<\/p>\n<p>L\u2019aver creato condizioni per il recente avvio dei negoziati con Bruxelles costituisce un successo di cui andare giustamente fieri, in attesa di raggiungere il decisivo traguardo della piena adesione all\u2019Unione Europea, cos\u00ec come, del resto, \u00e8 avvenuto con la vostra scelta di entrare a far parte dell\u2019Alleanza Atlantica.<\/p>\n<p>Il posto della Macedonia del Nord \u00e8 in Europa, per valori, storia, cultura.<\/p>\n<p>Skopje in pi\u00f9 occasioni ha attestato la intima condivisione dei principi che sono alla base della costruzione europea, con scelte coraggiose, e spesso non facili, per testimoniare la determinazione con cui si intende raggiungere l\u2019obiettivo dell\u2019ingresso nella Unione Europea.<\/p>\n<p>Penso all\u2019Accordo quadro di Ocrida, con cui fu individuata una soluzione durevole alla partecipazione di tutte le componenti etniche alla vita del Paese, all\u2019Accordo di Prespa e alle intese raggiunte con la Bulgaria.<\/p>\n<p>Desidero manifestare la profonda ammirazione e il rispetto con cui dall\u2019Italia si guarda al percorso intrapreso dalla Macedonia del Nord, dai suoi cittadini e dalle sue Istituzioni, a cominciare da questa Assemblea. Non sono molti i Paesi che hanno avuto la vostra forza d\u2019animo nell\u2019affrontare cos\u00ec tante e cos\u00ec rilevanti questioni, a viso aperto, in maniera pacifica e in un lasso di tempo breve.<\/p>\n<p>Talvolta con passaggi difficili da compiere ma, grazie ai quali, la Macedonia del Nord si \u00e8 affermata come un Paese inclusivo al suo interno e aperto alla costruzione di rapporti di sincera collaborazione all\u2019esterno.<\/p>\n<p>L\u2019ingresso a pieno titolo nella famiglia europea dei Paesi dell\u2019Europa Sud-Orientale \u00e8 destinato a recare un contributo decisivo alla causa della pace in Europa e consente di por fine a un ritardo della storia nel processo di integrazione del Continente.<\/p>\n<p>Insieme, realizzeremo l\u2019obiettivo di andare oltre antiche e recenti divisioni, di superare i focolai di tensione di un passato &#8211; ancora vivo nella memoria di alcune persone &#8211; che covano sotto le ceneri, pensando al futuro e realizzando un\u2019area di stabilit\u00e0 e di sviluppo.<\/p>\n<p>In questo percorso, l\u2019Italia continuer\u00e0 ad essere al vostro fianco, con grande determinazione, quale Paese amico e vicino.<\/p>\n<p>Il rapporto fra i Balcani e l\u2019Italia \u00e8 un esempio di come sia possibile guardare a un orizzonte condiviso, nella comune realt\u00e0 europea.<\/p>\n<p>La comune Casa Europea \u00e8 una meta alla quale la Repubblica Italiana annette decisiva importanza.<\/p>\n<p>E il destino dell\u2019intera regione balcanica non \u00e8 scindibile da quello degli altri Paesi europei.<\/p>\n<p>Signor Presidente,<\/p>\n<p>Signore e Signori Deputati,<\/p>\n<p>il tema delle identit\u00e0 di ciascun Paese e della loro reciproca convivenza rappresenta un elemento centrale della costruzione comunitaria.<\/p>\n<p>\u201cUnit\u00e0 nella diversit\u00e0\u201d recita il motto della Unione Europea.<\/p>\n<p>Il vostro travaglio, di cui sono consapevole e che ben comprendo, \u00e8 stato sperimentato da altri Paesi del nostro continente, seppur per condizioni e con modalit\u00e0 differenti.<\/p>\n<p>Lo Stato di diritto, valore a cui si ispira la costruzione europea, conosce un\u2019unica categoria, quella dei cittadini, di ciascuno dei quali si rispettano le scelte culturali, quelle religiose, si riconoscono le origini.<\/p>\n<p>Sono temi affrontati in molti Paesi, incluso il mio, e che hanno trovato spazio anche nel dialogo prezioso che ci ha consentito di costruire insieme, nell\u2019Europa unita, un futuro di libera e feconda cooperazione tra i nostri Paesi e i nostri popoli. Un cammino proficuo, che ha trovato uno sbocco di alto significato, nella condivisa assegnazione del titolo di capitale europea della cultura nel 2025 a Nova Gorica e Gorizia, un tempo divise da un confine rigido di muri e fili spinati, oggi scomparsi perch\u00e9 cancellati dal comune impegno e dalla condivisa prospettiva di benessere delle loro comunit\u00e0.<\/p>\n<p>Macedonia del Nord e Bulgaria sono chiamate oggi ad assumere l\u2019impegno di sviluppare un dialogo rispettoso e sincero per superare le incomprensioni del passato, nel quadro della condivisa appartenenza alla famiglia europea e nel pieno rispetto delle rispettive lingue, culture e identit\u00e0.<\/p>\n<p>Identit\u00e0 che, nelle differenti declinazioni nazionali, contribuiscono alla definizione di uno spazio culturale europeo, di un patrimonio fatto di tradizioni e aspirazioni che ci accomunano e che fanno di tutti noi dei cittadini europei.<\/p>\n<p>Quello stesso spazio culturale europeo che sarebbe irrimediabilmente incompiuto senza l\u2019apporto della storia e della cultura della Macedonia del Nord, di cui la lingua macedone \u00e8 componente essenziale.<\/p>\n<p>Signor Presidente,<\/p>\n<p>Signore e Signori Deputati,<\/p>\n<p>l\u2019Italia crede fermamente che i Balcani occidentali costituiscano parte integrante dell\u2019Europa e che questa non sar\u00e0 mai completa senza l\u2019adesione di tutti i Paesi di questa regione.<\/p>\n<p>Singoli attori e potenze esterne desiderano assumere influenza nell\u2019area, portatori di una vocazione di potenza.<\/p>\n<p>Desidero sottolineare appieno il valore della scelta europea che orgogliosamente rifiuta la logica delle zone di influenza per voler costruire invece, insieme, in perfetta condizione di uguaglianza con i popoli liberi del continente, una prospettiva comune di progresso.<\/p>\n<p>L\u2019Unione Europea ha saputo realizzare &#8211; da quando, sessantacinque anni fa, con i Trattati di Roma, ha preso le mosse questa straordinaria esperienza &#8211; un progetto credibile di stabilit\u00e0, pace, benessere, promuovendo su basi solide, libere, pi\u00f9 giuste, le rispettive societ\u00e0.<\/p>\n<p>La storia della Regione balcanica, anche quella pi\u00f9 recente e tragica, ci aiuta a ricordare il senso pi\u00f9 profondo del progetto europeo, quale fu concepito dai Padri Fondatori. Prima di essere un\u2019importante realt\u00e0 economica, l\u2019Europa \u00e8 infatti un progetto di pace e di riconciliazione fra i popoli, un progetto di condivisione delle rispettive sovranit\u00e0 nazionali per costruire qualcosa di pi\u00f9 grande e pi\u00f9 alto a beneficio dei cittadini.<\/p>\n<p>Il contributo ideale dei Paesi dei Balcani occidentali \u00e8 tanto pi\u00f9 essenziale in questo momento in cui il tema del consolidamento e dell\u2019approfondimento della costruzione europea \u00e8 diventato ineludibile. I Balcani sono essi stessi un monito dell\u2019urgenza di procedere con decisione e senza ambiguit\u00e0 sulla strada di una sempre maggiore integrazione.<\/p>\n<p>In questo senso, la risposta offerta dall\u2019Europa alle sfide poste prima dalla pandemia e poi dall\u2019aggressione della Federazione Russa all\u2019Ucraina consente di guardare con serena fiducia al futuro di un\u2019Unione capace di rispondere alle sfide pi\u00f9 difficili.<\/p>\n<p>Il Presidente della Federazione Russa ha riportato l\u2019incubo della guerra nel nostro Continente, proprio dove l\u2019opera paziente e lungimirante dei Padri fondatori dell\u2019Europa e il dialogo tra statisti di grande valore, era riuscita a sradicarlo. Quanto sta avvenendo in Ucraina costituisce una minaccia ai valori fondanti della comunit\u00e0 internazionale e la risposta della famiglia euro-atlantica \u00e8 stata all\u2019altezza della sfida posta dall\u2019avventura bellicista intrapresa da Mosca.<\/p>\n<p>Desidero esprimere apprezzamento per la concreta solidariet\u00e0 manifestata dalla Macedonia del Nord nei confronti dell\u2019Ucraina; ulteriore testimonianza, ove ve ne fosse necessit\u00e0, della piena adesione ai valori e ai principi che ispirano sia l\u2019Alleanza Atlantica sia l\u2019Europa unita.<\/p>\n<p>La resistenza nei confronti del disegno imperialista manifestato dalla Federazione Russa richieder\u00e0 un impegno di lunga durata e sta gi\u00e0 imponendo sacrifici rilevanti alle nostre popolazioni, a cominciare dal rincaro dei prezzi dell\u2019energia e dei beni alimentari. Ma sono costi immensamente minori di quelli che dovremmo subire se non venisse fermata subito questa logica di aggressione, che ripropone gli scenari di guerre devastanti dei secoli passati.<\/p>\n<p>Non si pu\u00f2 arretrare dalla trincea della difesa dei diritti umani e dei popoli; e per evitare fragilit\u00e0 o cedimenti dovremo rafforzare la nostra coesione interna, anche mediante misure che possano alleviare i costi, elevati, che le nostre economie dovranno sopportare.<\/p>\n<p>In questo senso, l\u2019Italia sostiene con convinzione il coinvolgimento dei Balcani occidentali nei meccanismi di solidariet\u00e0 europei volti a garantire la sicurezza energetica, soprattutto in vista del prossimo inverno.<\/p>\n<p>La misura delle crisi che interpellano il mondo, la dimensione degli altri interlocutori, rendono necessario che i singoli Paesi europei prendano coscienza della necessit\u00e0 di risposte sempre pi\u00f9 comuni.<\/p>\n<p>L\u2019impegno volto a costruire su fondamenta pi\u00f9 solide la nostra \u201ccasa comune\u201d riguarda e interessa tutti i Paesi, anche quelli che sono sulla strada di entrarne a far parte.<\/p>\n<p>Un impegno che coinvolge primariamente le assemblee parlamentari.<\/p>\n<p>La capacit\u00e0 di fare i conti con il proprio passato e di risolvere, in spirito europeo, i numerosi nodi che ancora sono presenti in questa regione e ne impediscono uno sviluppo all\u2019altezza del suo potenziale, \u00e8 condizione per disegnare il futuro.<\/p>\n<p>La Macedonia del Nord, con le sue scelte coraggiose, ha indicato la strada da percorrere per una composizione delle antiche controversie, attraverso il dialogo e la comprensione reciproca.<\/p>\n<p>Si tratta di un metodo pienamente in linea con i valori e con i principi dell\u2019Europa unita e che auspico possa trovare applicazione altrove, anche in altri contesti.<\/p>\n<p>Penso innanzitutto alla situazione in Kosovo, dove gli incoraggianti segnali delle ultime settimane mostrano quanto sia fondamentale per la stabilit\u00e0 regionale che Belgrado e Pristina rinnovino con convinzione il proprio impegno nell\u2019ambito del Dialogo condotto sotto la guida dell\u2019Alto Rappresentante e del suo Inviato Speciale, astenendosi da misure unilaterali. Continua poi a destare preoccupazione, apprensione la situazione della Bosnia Erzegovina, dove la perdurante presenza di pulsioni etno-nazionaliste impedisce l\u2019adozione delle riforme necessarie per avvicinare il Paese all\u2019Europa.<\/p>\n<p>Signor Presidente,<\/p>\n<p>Signore e Signori Deputati,<\/p>\n<p>nel percorso di consolidamento di un\u2019area di pace, di libert\u00e0 e di sviluppo, che passa attraverso la progressiva integrazione dei Balcani occidentali nell\u2019Unione, l\u2019Italia e l\u2019Europa sanno di poter fare affidamento su quei Paesi, come la Macedonia del Nord, che non soltanto hanno saputo compiere un cammino impegnativo di consolidamento democratico, ma hanno anche dimostrato la volont\u00e0 di voler risolvere con determinazione, e in linea con lo spirito europeo, le questioni complesse ereditate dal passato.<\/p>\n<p>Ed \u00e8 guardando con fiducia a questo nostro comune futuro che desidero ringraziare ancora una volta per l\u2019alto onore riservatomi qui oggi, che considero un segno ulteriore di amicizia tra i nostri popoli e tra i nostri Paesi.<\/p>\n<p>Grazie per la vostra attenzione.<\/p>\n","protected":false},"excerpt":{"rendered":"Signor Presidente della Repubblica, Signor Presidente dell\u2019Assemblea, Signor Primo Ministro, Signora Presidente della Corte Suprema, Signore e Signori Deputati, Signore e Signori, l\u2019opportunit\u00e0 di visitare la Macedonia del Nord, grazie all\u2019invito del Presidente Pendarovski, e di intervenire oggi in questo consesso, costituisce per me e per la Repubblica Italiana motivo di riconoscenza e riafferma l\u2019amicizia [&hellip;]","protected":false},"author":1,"featured_media":0,"comment_status":"","ping_status":"","sticky":false,"template":"","format":"standard","meta":{"footnotes":""},"tags":[],"class_list":["post-970","post","type-post","status-publish","format-standard","hentry"],"_links":{"self":[{"href":"https:\/\/ambskopje.esteri.it\/it\/wp-json\/wp\/v2\/posts\/970","targetHints":{"allow":["GET"]}}],"collection":[{"href":"https:\/\/ambskopje.esteri.it\/it\/wp-json\/wp\/v2\/posts"}],"about":[{"href":"https:\/\/ambskopje.esteri.it\/it\/wp-json\/wp\/v2\/types\/post"}],"author":[{"embeddable":true,"href":"https:\/\/ambskopje.esteri.it\/it\/wp-json\/wp\/v2\/users\/1"}],"replies":[{"embeddable":true,"href":"https:\/\/ambskopje.esteri.it\/it\/wp-json\/wp\/v2\/comments?post=970"}],"version-history":[{"count":0,"href":"https:\/\/ambskopje.esteri.it\/it\/wp-json\/wp\/v2\/posts\/970\/revisions"}],"wp:attachment":[{"href":"https:\/\/ambskopje.esteri.it\/it\/wp-json\/wp\/v2\/media?parent=970"}],"wp:term":[{"taxonomy":"post_tag","embeddable":true,"href":"https:\/\/ambskopje.esteri.it\/it\/wp-json\/wp\/v2\/tags?post=970"}],"curies":[{"name":"wp","href":"https:\/\/api.w.org\/{rel}","templated":true}]}}