{"id":924,"date":"2023-01-18T19:33:06","date_gmt":"2023-01-18T18:33:06","guid":{"rendered":"https:\/\/ambskopje.esteri.it\/news\/dall_ambasciata\/2023\/01\/inaugurazione-alla-nuova-2023-anno\/"},"modified":"2023-01-18T19:33:06","modified_gmt":"2023-01-18T18:33:06","slug":"inaugurazione-alla-nuova-2023-anno","status":"publish","type":"post","link":"https:\/\/ambskopje.esteri.it\/it\/news\/dall_ambasciata\/2023\/01\/inaugurazione-alla-nuova-2023-anno\/","title":{"rendered":"Inaugurazione del 2023 &#8211; L&#8217;anno della celebrazione del 30mo anniversario delle relazioni diplomatiche tra l&#8217;Italia e Macedonia del Nord"},"content":{"rendered":"<p>L\u2019Ambasciatore Andrea Silvestri ha organizzato un incontro di inizio anno presso la propria residenza a cui hanno partecipato il Primo Ministro Dimitar Kovachevski, assieme ai Vice Premier per gli affari economici Fatmir Bytyqi e a quello per il buon governo Slavica Grkovska, al Ministro della salute Bekim Sali, alla Governatrice Anita Angelovska-Bezoska e a esponenti delle Istituzioni economiche e culturali della Macedonia del Nord, come pure a rappresentanti delle associazioni italiane presenti nel Paese e del corpo diplomatico e delle Organizzazioni Internazionali.<\/p>\n<p>Il 2023 sar\u00e0 un anno particolare, ha osservato l\u2019Ambasciatore &#8211; perch\u00e9 il 16 dicembre di questo anno ricorrer\u00e0 il 30mo anniversario delle relazioni diplomatiche tra i nostri due Paesi. Un anniversario che intendiamo celebrare con una serie di eventi speciali, oltre a quelli tradizionalmente organizzati (settimane della lingua, del cinema, della cucina, Italian Design Day). Eventi che spazieranno dalla musica alla danza, dal teatro alle mostre, dalla cultura alla moda, ma includeranno anche appuntamenti economico-commerciali e iniziative dedicate ai temi emergenti di maggiore attualit\u00e0. Il filo conduttore sar\u00e0 l\u2019autentica amicizia che da sempre contraddistingue le relazioni tra i Governi, le istituzioni e i popoli di Italia e Macedonia del Nord. Silvestri ha ricordato che la priorit\u00e0 attribuita alla regione dei Balcani occidentali \u00e8 stata ribadita da subito a pi\u00f9 riprese dal nuovo Governo guidato dal Presidente Meloni, e ne \u00e8 prova la Conferenza organizzata dal Vice Premier Tajani la prossima settimana a Trieste. In questo quadro, si conferma la piena attenzione dell\u2019Italia alla Macedonia del Nord, e il fermo sostegno all\u2019integrazione europea del Paese e allo sviluppo delle relazioni bilaterali, anche attraverso nuove visite a livello politico, dopo la visita officiale del Presidente Mattarella lo scorso anno.<\/p>\n<p>Il tutto, nel quadro di una cooperazione a tutto tondo, che gi\u00e0 include numerosi partenariati nei campi di ambiente, agricoltura sostenibile, difesa e affari interni, stato di diritto, educazione, universit\u00e0, cultura ecc. Una collaborazione che si avvale anche dell\u2019esistenza di una folta diaspora macedone in Italia e dell\u2019Associazione Alumni promossa dalla Sede per non disperdere le esperienze dei numerosi cittadini macedoni che hanno studiato nei nostri Atenei. Insomma una relazione \u2013 ha concluso l\u2019Ambasciatore \u2013 che si conferma sempre pi\u00f9 importante, anche nell\u2019attuale contesto di sfide \u2013 sia interne che esterne &#8211; che la Macedonia del Nord si trova ad affrontare, e che vedranno sempre l\u2019Italia al suo fianco, anche nel suo percorso di euro-integrazione.<\/p>\n<p>Un ruolo quello dell\u2019Italia, pienamente riconosciuto anche dal Presidente del Governo Kovachevski. L\u2019Italia \u00e8 un nostro convinto partner e sostenitore \u2013 ha affermato il Premier &#8211; nei nostri processi di riforma e di euro-integrazione. La nostra lunghissima cooperazione \u2013 ha aggiunto &#8211; continuer\u00e0 nella direzione di un miglioramento delle relazioni bilaterali tra i due Paesi. A questo proposito, Kovachevski ha infine espresso la propria sincera gratitudine per tutto quanto ha fatto e sta facendo l\u2019Ambasciata, sotto la guida dell\u2019Amb. Silvestri.<\/p>\n<p>\u00a0<\/p>\n<p>\u00a0<\/p>\n<p><iframe loading=\"lazy\" src=\"https:\/\/www.facebook.com\/plugins\/post.php?href=https%3A%2F%2Fwww.facebook.com%2FItalyinMKD%2Fposts%2Fpfbid034VT4Y62qVJAMr1jms3wFzPNuwo1zDXtjGgY6MRGThx5xbh7rDmLbxEUbsKkXWjBKl&#038;show_text=true&#038;width=500\" frameborder=\"0\" scrolling=\"no\" width=\"500\" height=\"762\" allowfullscreen=\"allowfullscreen\" style=\"border: none; overflow: hidden;\" allow=\"autoplay; clipboard-write; encrypted-media; picture-in-picture; web-share\"><\/iframe><\/p>\n","protected":false},"excerpt":{"rendered":"L\u2019Ambasciatore Andrea Silvestri ha organizzato un incontro di inizio anno presso la propria residenza a cui hanno partecipato il Primo Ministro Dimitar Kovachevski, assieme ai Vice Premier per gli affari economici Fatmir Bytyqi e a quello per il buon governo Slavica Grkovska, al Ministro della salute Bekim Sali, alla Governatrice Anita Angelovska-Bezoska e a esponenti [&hellip;]","protected":false},"author":1,"featured_media":0,"comment_status":"","ping_status":"","sticky":false,"template":"","format":"standard","meta":{"footnotes":""},"tags":[],"class_list":["post-924","post","type-post","status-publish","format-standard","hentry"],"_links":{"self":[{"href":"https:\/\/ambskopje.esteri.it\/it\/wp-json\/wp\/v2\/posts\/924","targetHints":{"allow":["GET"]}}],"collection":[{"href":"https:\/\/ambskopje.esteri.it\/it\/wp-json\/wp\/v2\/posts"}],"about":[{"href":"https:\/\/ambskopje.esteri.it\/it\/wp-json\/wp\/v2\/types\/post"}],"author":[{"embeddable":true,"href":"https:\/\/ambskopje.esteri.it\/it\/wp-json\/wp\/v2\/users\/1"}],"replies":[{"embeddable":true,"href":"https:\/\/ambskopje.esteri.it\/it\/wp-json\/wp\/v2\/comments?post=924"}],"version-history":[{"count":0,"href":"https:\/\/ambskopje.esteri.it\/it\/wp-json\/wp\/v2\/posts\/924\/revisions"}],"wp:attachment":[{"href":"https:\/\/ambskopje.esteri.it\/it\/wp-json\/wp\/v2\/media?parent=924"}],"wp:term":[{"taxonomy":"post_tag","embeddable":true,"href":"https:\/\/ambskopje.esteri.it\/it\/wp-json\/wp\/v2\/tags?post=924"}],"curies":[{"name":"wp","href":"https:\/\/api.w.org\/{rel}","templated":true}]}}