{"id":799,"date":"2023-10-16T14:52:49","date_gmt":"2023-10-16T12:52:49","guid":{"rendered":"https:\/\/ambskopje.esteri.it\/news\/dall_ambasciata\/2023\/10\/xxiii-edizione-settimana-della\/"},"modified":"2023-11-29T15:58:48","modified_gmt":"2023-11-29T14:58:48","slug":"xxiii-edizione-settimana-della","status":"publish","type":"post","link":"https:\/\/ambskopje.esteri.it\/it\/news\/dall_ambasciata\/2023\/10\/xxiii-edizione-settimana-della\/","title":{"rendered":"XXIII EDIZIONE SETTIMANA DELLA LINGUA ITALIANA NEL MONDO 2023"},"content":{"rendered":"<ul>\n<li><a href=\"resource\/doc\/2023\/10\/programma_slim_2023_it-2.pdf\">Programma &#8211; XXIII Settimana della lingua Italiana del Mondo \u201cL\u2019Italiano e la sostenibilit\u00e0\u201d<\/a><\/li>\n<li><a href=\"resource\/doc\/2023\/10\/slim_2023_macedone.pdf\">\u041f\u0440\u043e\u0433\u0440\u0430\u043c\u0430 \u043d\u0430 XXIII \u041d\u0435\u0434\u0435\u043b\u0430 \u043d\u0430 \u0438\u0442\u0430\u043b\u0438\u0458\u0430\u043d\u0441\u043a\u0438\u043e\u0442 \u0458\u0430\u0437\u0438\u043a \u0432\u043e \u0441\u0432\u0435\u0442\u043e\u0442 \u201c\u0418\u0442\u0430\u043b\u0438\u0458\u0430\u043d\u0441\u043a\u0438\u043e\u0442 \u0438 \u043e\u0434\u0440\u0436\u043b\u0438\u0432\u043e\u0441\u0442\u0430&#8221;<\/a><\/li>\n<\/ul>\n<p><strong>COMUNICATO SULLA XXIII SETTIMANA DELLA LINGUA ITALIANA NEL MONDO<\/strong><\/p>\n<p style=\"text-align: justify;\">Questa settimana inizia il pi\u00f9 importante appuntamento annuale che celebra la lingua italiana nel mondo, quest\u2019anno dedicato al tema \u201cL\u2019Italiano e la sostenibilit\u00e0\u201d e a uno dei pi\u00f9 grandi scrittori italiani, Italo Calvino di cui si celebra il centenario della nascita. L\u2019Ambasciata d\u2019Italia a Skopje, in collaborazione con le istituzioni promotrici della cultura italiana in Macedonia del Nord, ha preparato numerose iniziative rivolte al pi\u00f9 vasto pubblico di appassionati della lingua e della letteratura italiana, dell\u2019ecoturismo, dello spettacolo teatrale, del cinema e della poesia che si ispira alla natura e ai luoghi.<\/p>\n<p style=\"text-align: justify;\">Marted\u00ec, il 17 ottobre ci sar\u00e0 quindi l\u2019inaugurazione ufficiale della XXIII Settimana della Lingua Italiana nel Mondo con il Seminario \u201cCome leggere Calvino oggi: eredit\u00e0, fortuna, traduzioni\u201d che si terr\u00e0 alla Facolt\u00e0 di Filologia \u201cBlaze Koneski\u201d di Skopje con inizio alle 9.30, a cui parteciperanno Rino Caputo, Professore Emerito dell\u2019Universit\u00e0 Tor Vergata di Roma e autore di saggi e volumi sulla letteratura italiana, gli scrittori macedoni Vlada Uro\u0161evi\u0107 e Goce Smilevski, la curatrice del Seminario e Direttrice del Dipartimento di lingua e letteratura italiana, Prof.ssa Anastasija Gjurcinova, e molti altri professori e studiosi delle opere di Calvino nel Paese. In questa occasione sar\u00e0 aperta anche la mostra \u201cCalvino qui e altrove\u201d che offre un itinerario visivo delle edizioni dei libri di Calvino pubblicate nelle varie lingue del mondo, tra cui anche in lingua macedone.<\/p>\n<p style=\"text-align: justify;\">Un evento speciale nella rassegna di quest\u2019anno, in cui si commemora il trentennale delle relazioni diplomatiche tra l\u2019Italia e la Macedonia del Nord, sar\u00e0 la presentazione ufficiale del francobollo celebrativo realizzato in collaborazione con la S.p.a Poste della Macedonia del Nord che si terr\u00e0 mercoled\u00ec, 18 ottobre presso la sede dell\u2019Associazione Filatelica macedone a Skopje con inizio alle 12.00. Il bozzetto grafico per il francobollo \u00e8 stato selezionato tramite un concorso organizzato ad aprile dall\u2019Ambasciata e dall\u2019Istituto Dante Alighieri di Skopje. All\u2019evento, i filatelisti del Paese avranno l\u2019opportunit\u00e0 di sentire la testimonianza dell\u2019Amb. Viktor Gaber, pioniere delle relazioni diplomatiche tra i due Paesi nonch\u00e9 appassionato di filatelia, e di ricevere in omaggio il francobollo commemorativo.<\/p>\n<p style=\"text-align: justify;\">Lo stesso giorno, l\u2019Universit\u00e0 di Shtip ospiter\u00e0 la lectio magistralis del Prof. Rino Caputo sul tema della sostenibilit\u00e0 nelle opere di Italo Calvino.<\/p>\n<p style=\"text-align: justify;\">Come ogni anno, l\u2019Associazione Nazionale dei Professori di Lingua Italiana organizzer\u00e0 una serie di attivit\u00e0 online, tra cui una mostra di poster ispirati al tema della sostenibilit\u00e0 e alle opere di Italo Calvino e una rassegna di video sulla consapevolezza ecologica, creati dagli studenti di italiano. Anche le scuole primarie e secondarie di Strumica \u201cJane Sandanski\u201d \u201cSando Mazev\u201d, \u201cDame Gruev\u201d e \u201cGeras Cunev\u201d parteciperanno alla manifestazione con giochi didattici sul vocabolario della sostenibilit\u00e0 destinati agli studenti di lingua italiana.<\/p>\n<p style=\"text-align: justify;\">Il 24 ottobre gli amanti della natura, delle montagne e dell\u2019ecoturismo, potranno godere della presentazione della prima guida approfondita delle montagne e delle escursioni in Macedonia del Nord in lingua italiana, scritta da Alessio Liquori (Primo Segretario dell\u2019Ambasciata dal 2017 al 2021). Dopo la sua recente pubblicazione in Italia, il libro \u201cMacedonia del Nord, natura, escursioni e cultura\u201d, sar\u00e0 presentato per la prima volta nel Paese alla Europe House di Skopje con inizio alle 17.00.<\/p>\n<p style=\"text-align: justify;\">Il giorno dopo, 25 ottobre, il pubblico di Shtip sar\u00e0 invitato all\u2019incontro con l\u2019autore della guida che si svolger\u00e0 all\u2019Universit\u00e0 \u201cGoce Delcev\u201d alle 11.00.<\/p>\n<p style=\"text-align: justify;\">Luned\u00ec, 30 ottobre e marted\u00ec 31 ottobre sono le date riservate a due serate poetiche che si terranno rispettivamente a Kumanovo e a Skopje. Luned\u00ec, alle 18.00, la biblioteca comunale \u201cTane Georgievski\u201d di Kumanovo ospiter\u00e0 l\u2019evento &#8220;Sguardi macedoni e citt\u00e0 visibili&#8221; che indaga sul rapporto tra i luoghi e la poesia attraverso le pagine della raccolta di poesie \u201cSguardi macedoni\u201d degli autori Mario De Rosa ed Ernesto Eredero del Campo, pubblicata in quattro lingue: italiano, macedone, inglese e spagnolo. Il giorno dopo, 31 ottobre, alle ore 19.00 nel suggestivo Daut Pasha Hammam di Skopje assisteremo al percorso poetico tra l\u2019Italia e la Svizzera descritto nelle opere della poetessa italo-svizzera Lucilla Trapazzo. La serata \u00e8 organizzata in collaborazione con l\u2019Ambasciata svizzera a Skopje.<\/p>\n<p style=\"text-align: justify;\">Infine, a concludere il ricco ventaglio di eventi sar\u00e0 lo spettacolo &#8220;GAIA&#8221; del gruppo teatrale sperimentale di Forl\u00ec che tratta il tema dell\u2019ambiente e delle energie rinnovabili. L\u2019evento \u00e8 organizzato in collaborazione con l\u2019IIC di Belgrado e il festival teatrale \u201cMOT\u201d e avr\u00e0 luogo l\u201911 novembre, alle 20.00 al centro culturale macedone di Skopje.<\/p>\n<p style=\"text-align: justify;\">Inoltre, nell\u2019ambito della Settimana della lingua italiana nel mondo il cui tema \u00e8 la sostenibilit\u00e0, l\u2019Ambasciata sosterr\u00e0 il festival del film alpinistico \u201cEho\u201d che si svolger\u00e0 a Skopje dal 23 al 27 ottobre.<\/p>\n<p style=\"text-align: justify;\">Cogliamo l\u2019occasione per invitare tutti gli interessati a partecipare agli eventi della SLIM che sono a ingresso libero.<\/p>\n<p style=\"text-align: justify;\"><img decoding=\"async\" src=\"resource\/img\/2023\/10\/img-20231013-wa0003.jpg\" alt=\"img 20231013 wa0003\" \/><\/p>\n","protected":false},"excerpt":{"rendered":"Programma &#8211; XXIII Settimana della lingua Italiana del Mondo \u201cL\u2019Italiano e la sostenibilit\u00e0\u201d \u041f\u0440\u043e\u0433\u0440\u0430\u043c\u0430 \u043d\u0430 XXIII \u041d\u0435\u0434\u0435\u043b\u0430 \u043d\u0430 \u0438\u0442\u0430\u043b\u0438\u0458\u0430\u043d\u0441\u043a\u0438\u043e\u0442 \u0458\u0430\u0437\u0438\u043a \u0432\u043e \u0441\u0432\u0435\u0442\u043e\u0442 \u201c\u0418\u0442\u0430\u043b\u0438\u0458\u0430\u043d\u0441\u043a\u0438\u043e\u0442 \u0438 \u043e\u0434\u0440\u0436\u043b\u0438\u0432\u043e\u0441\u0442\u0430&#8221; COMUNICATO SULLA XXIII SETTIMANA DELLA LINGUA ITALIANA NEL MONDO Questa settimana inizia il pi\u00f9 importante appuntamento annuale che celebra la lingua italiana nel mondo, quest\u2019anno dedicato al tema \u201cL\u2019Italiano e [&hellip;]","protected":false},"author":1,"featured_media":0,"comment_status":"closed","ping_status":"closed","sticky":false,"template":"","format":"standard","meta":{"footnotes":""},"tags":[],"class_list":["post-799","post","type-post","status-publish","format-standard","hentry"],"_links":{"self":[{"href":"https:\/\/ambskopje.esteri.it\/it\/wp-json\/wp\/v2\/posts\/799","targetHints":{"allow":["GET"]}}],"collection":[{"href":"https:\/\/ambskopje.esteri.it\/it\/wp-json\/wp\/v2\/posts"}],"about":[{"href":"https:\/\/ambskopje.esteri.it\/it\/wp-json\/wp\/v2\/types\/post"}],"author":[{"embeddable":true,"href":"https:\/\/ambskopje.esteri.it\/it\/wp-json\/wp\/v2\/users\/1"}],"replies":[{"embeddable":true,"href":"https:\/\/ambskopje.esteri.it\/it\/wp-json\/wp\/v2\/comments?post=799"}],"version-history":[{"count":1,"href":"https:\/\/ambskopje.esteri.it\/it\/wp-json\/wp\/v2\/posts\/799\/revisions"}],"predecessor-version":[{"id":2801,"href":"https:\/\/ambskopje.esteri.it\/it\/wp-json\/wp\/v2\/posts\/799\/revisions\/2801"}],"wp:attachment":[{"href":"https:\/\/ambskopje.esteri.it\/it\/wp-json\/wp\/v2\/media?parent=799"}],"wp:term":[{"taxonomy":"post_tag","embeddable":true,"href":"https:\/\/ambskopje.esteri.it\/it\/wp-json\/wp\/v2\/tags?post=799"}],"curies":[{"name":"wp","href":"https:\/\/api.w.org\/{rel}","templated":true}]}}