{"id":1301,"date":"2021-09-01T18:12:38","date_gmt":"2021-09-01T16:12:38","guid":{"rendered":"https:\/\/ambskopje.esteri.it\/news\/dall_ambasciata\/2021\/09\/inaugurata-nuova-classe-di-italiano\/"},"modified":"2021-09-01T18:12:38","modified_gmt":"2021-09-01T16:12:38","slug":"inaugurata-nuova-classe-di-italiano","status":"publish","type":"post","link":"https:\/\/ambskopje.esteri.it\/it\/news\/dall_ambasciata\/2021\/09\/inaugurata-nuova-classe-di-italiano\/","title":{"rendered":"Inaugurata nuova classe di italiano a Liceo Nikola Karev"},"content":{"rendered":"<p>\u00a0 \u00a0 \u00a0L\u2019Ambasciatore Andrea Silvestri ha partecipato, assieme al Ministro Mila Carovska e al Sindaco Petre Silegov, all\u2019inaugurazione presso il Liceo Nikola Karev di una nuova classe in cui verranno impartite sei ore di lingua e cultura italiana, tutte curricolari. Sono 23 alunni del primo anno di liceo, che hanno superato un test di conoscenza linguistica iniziale, con l\u2019obiettivo di raggiungere il livello B2 alla fine del quarto anno, anche in vista di una possibile iscrizione a facolt\u00e0 italiane; a partire dal prossimo anno verranno poi attivate le classi successive. Come evidenziato dal Preside Andrej Malenov e dai partecipanti, \u00e8 la prima volta in assoluto che viene realizzato un corso del genere in Macedonia del Nord. I 23 alunni della nuova classe si aggiungeranno ai quasi duemila studenti macedoni di italiano nelle scuole primarie e secondarie e ai numerosi studenti di tale lingua nelle Universit\u00e0 del Paese e presso l\u2019Istituto Dante \u0435 presso l\u2019Istituto Dante Alighieri. Un successo che fa seguito al Decreto del 6 marzo 2018 con cui l&#8217;italiano \u00e8 stato introdotto come seconda lingua a scelta nella scuola primaria. \u201cIn Macedonia del Nord\u201d &#8211; ha evidenziato l\u2019Ambasciatore &#8211; \u201cc\u2019\u00e8 una crescente &#8220;domanda di italiano&#8221;, che ben si sposa con l&#8217;intensit\u00e0 e la natura plurisecolare delle nostre relazioni, e con la prospettiva di un&#8221;intensificazione degli scambi economico-commerciali\u201d. L\u2019italiano, infatti, oltre ad essere una grande lingua di cultura studiata in tutto in mondo, \u00e8 anche una lingua che offre significative opportunit\u00e0 professionali, tanto pi\u00f9 per un paese vicino come la Macedonia del Nord. Nel ringraziare il Preside Malenov per l\u2019iniziativa, l\u2019Ambasciatore ha altres\u00ec ringraziato il Dipartimento di italiano dell\u2019Ukim, l&#8217;Associazione dei professori di Italiano e l&#8217;Istituto Dante Alighieri di Skopje per l\u2019appoggio fornito e ha assicurato il pieno sostegno dell\u2019Ambasciata al nuovo corso e in generale alle attivit\u00e0 di promozione dell\u2019italiano. Infine, Silvestri ha colto l\u2019occasione per consegnare agli studenti del Liceo Karev e alle Autorit\u00e0 presenti delle magliette e un\u2019agenda dedicate a Dante. Un gesto simbolico, che si inserisce nel filone delle numerose attivit\u00e0 promosse dall\u2019Ambasciata d\u2019Italia a Skopje per commemorare il 700mo anniversario della morte del grande poeta, fondatore della lingua italiana.<\/p>\n<p>https:\/\/www.facebook.com\/ItalyinMKD\/photos\/pcb.4048334455288807\/4048333575288895\/?__cft__[0]=AZX57f47vDqlQ1qK5pI2KcRljWtvghLeNnkf4VNPYIeEvc-Fg1qz0uFJL02G5UT5GYB4gZRkiqDVfhgjOx7s1gZvkbROaMXEd8wRuzxJPqykIk3wcR94I3rPS0179zGl7npC7ePOGnQEqMGo5ZgYtrEOlffOa-uMjmi67JUU3r3c5fgM_80VeD_lgpU5yHs5mzM&#038;__tn__=*bH-R<\/p>\n","protected":false},"excerpt":{"rendered":"\u00a0 \u00a0 \u00a0L\u2019Ambasciatore Andrea Silvestri ha partecipato, assieme al Ministro Mila Carovska e al Sindaco Petre Silegov, all\u2019inaugurazione presso il Liceo Nikola Karev di una nuova classe in cui verranno impartite sei ore di lingua e cultura italiana, tutte curricolari. Sono 23 alunni del primo anno di liceo, che hanno superato un test di conoscenza [&hellip;]","protected":false},"author":1,"featured_media":0,"comment_status":"","ping_status":"","sticky":false,"template":"","format":"standard","meta":{"footnotes":""},"tags":[],"class_list":["post-1301","post","type-post","status-publish","format-standard","hentry"],"_links":{"self":[{"href":"https:\/\/ambskopje.esteri.it\/it\/wp-json\/wp\/v2\/posts\/1301","targetHints":{"allow":["GET"]}}],"collection":[{"href":"https:\/\/ambskopje.esteri.it\/it\/wp-json\/wp\/v2\/posts"}],"about":[{"href":"https:\/\/ambskopje.esteri.it\/it\/wp-json\/wp\/v2\/types\/post"}],"author":[{"embeddable":true,"href":"https:\/\/ambskopje.esteri.it\/it\/wp-json\/wp\/v2\/users\/1"}],"replies":[{"embeddable":true,"href":"https:\/\/ambskopje.esteri.it\/it\/wp-json\/wp\/v2\/comments?post=1301"}],"version-history":[{"count":0,"href":"https:\/\/ambskopje.esteri.it\/it\/wp-json\/wp\/v2\/posts\/1301\/revisions"}],"wp:attachment":[{"href":"https:\/\/ambskopje.esteri.it\/it\/wp-json\/wp\/v2\/media?parent=1301"}],"wp:term":[{"taxonomy":"post_tag","embeddable":true,"href":"https:\/\/ambskopje.esteri.it\/it\/wp-json\/wp\/v2\/tags?post=1301"}],"curies":[{"name":"wp","href":"https:\/\/api.w.org\/{rel}","templated":true}]}}