{"id":1169,"date":"2022-03-10T16:54:44","date_gmt":"2022-03-10T15:54:44","guid":{"rendered":"https:\/\/ambskopje.esteri.it\/news\/dall_ambasciata\/2022\/03\/la-presidenza-italiana-del-consiglio\/"},"modified":"2022-03-10T16:54:44","modified_gmt":"2022-03-10T15:54:44","slug":"la-presidenza-italiana-del-consiglio","status":"publish","type":"post","link":"https:\/\/ambskopje.esteri.it\/it\/news\/dall_ambasciata\/2022\/03\/la-presidenza-italiana-del-consiglio\/","title":{"rendered":"LA PRESIDENZA ITALIANA DEL CONSIGLIO D\u2019EUROPA NUOVE SFIDE E PROSPETTIVE DI COOPERAZIONE"},"content":{"rendered":"<p>L\u2019Ambasciatore Silvestri ha ospitato ieri sera presso la propria Residenza un incontro dedicato alla Presidenza Italiana del Comitato dei Ministri del Consiglio d\u2019Europa, iniziata il 17 novembre 2021 e destinata a concludersi il 22 maggio prossimo.<\/p>\n<p>L\u2019Ambasciatore ha anzitutto sottolineato l\u2019importanza del Consiglio d\u2019Europa come foro multilaterale volto a riunire tutti i paesi europei su una base di valori comuni che non possono essere violati, come ha dimostrato la recente sospensione del diritto di voto della Federazione Russa.<\/p>\n<p>Silvestri ha quindi illustrato l\u2019agenda della Presidenza italiana durante l\u2019evento fissato, non a caso, a ridosso della celebrazione dell\u20198 marzo, evidenziandone le priorit\u00e0, tra i quali proprio la lotta alla violenza contro le donne e contro la discriminazione di genere nonch\u00e9 la tutela dei diritti dei bambini e adolesceni.<\/p>\n<p>L\u2019Italia ha deciso di dare priorit\u00e0 anche ad altre due macro-aree, come la tutela del patrimonio culturale \u2013 da sempre elemento di enorme importanza per il nostro Paese \u2013 nonch\u00e9 la tutela dei diritti umani, declinata nel contesto pandemico anche in termini di \u201cHealth equality\u201d e \u201cSocial Resilience\u201d, come necessit\u00e0 di costruire un futuro dove la persona umana sia al centro, e ci\u00f2, dunque, anche in relazione alle tentazioni di un mondo sempre pi\u00f9 condizionato dall\u2019intelligenza artificiale.<\/p>\n<p>Un\u2019agenda, quella italiana, che si \u00e8 articolata in una ricca serie di eventi, in parte gi\u00e0 realizzati, in parte da realizzare, che Silvestri ha descritto pi\u00f9 in dettaglio.<\/p>\n<p>All\u2019evento hanno partecipato il Vice Primo Ministro per gli Affari Europei, Bojan Maricic &#8211; che ha riconosciuto il continuo sostegno dell\u2019Italia al percorso europeo del Paese &#8211; la Vice Primo Ministro per il Buon Governo, Slavica Grkovska, la Ministra della Cultura, Bisera Kostadinovska-Stojcevska, la rappresentante del Cosiglio d\u2019Europa a Skopje, Katalin Tamus &#8211; che ha illustrato le iniziative svolte dall\u2019organizzazione in NMK &#8211; e l\u2019Ambasciatore della Delegazione UE a Skopje, David Geer. Hanno inoltre partecipato rappresentanti della societ\u00e0 civile, in particolare l\u2019Associazione RYCO Macedonia del Nord, l\u2019Helsinki Committee North Macedonia, il Coordinatore nazionale dei Programmi KEP e i giovani che hanno rappresentato la Macedonia del Nord nel contesto del Rome EU Balkan Youth Forum tenutosi a Roma il novembre scorso come parte delle iniziative nell\u2019ambito della Conferenza sul futuro dell\u2019Europa.<\/p>\n<p>L\u2019evento \u00e8 stato anche l\u2019occasione per presentare alcune delle numerose iniziative di cooperazione finanziate dall\u2019Italia in Macedonia del Nord, molte delle quali direttamente legate ai temi della Presidenza. In particolare \u00e8 stato presentato il Progetto dedicato all\u2019accesso alla giustizia da parte delle fasce della popolazione pi\u00f9 deboli, i progetti finanziati attraverso il Fondo Ince-Bers nell\u2019ambito del programma KEP, tra cui il progetto dedicato allo scambio di conoscenze tra l\u2019Italia e la Macedonia del Nord nel campo della conservazione e del management innovativo del patrimonio culturale, e il progetto \u201cSMACH &#8211; Sustainable Management of Cultural Heritage\u201d destinato alla gestione sostenibile del patrimonio culturale di fronte alle minacce del cambiamento climatico, promosso dalla Venice International University in collaborazione con altre importanti istituzioni italiane e della regione, tra cui l\u2019UKIM di Skopje.<\/p>\n<p><a href=\"https:\/\/www.facebook.com\/story.php?story_fbid=4671140539674859&#038;id=961163677339249\">https:\/\/www.facebook.com\/story.php?story_fbid=4671140539674859&#038;id=961163677339249<\/a><\/p>\n<p>\u00a0<\/p>\n<p>\u00a0<\/p>\n","protected":false},"excerpt":{"rendered":"L\u2019Ambasciatore Silvestri ha ospitato ieri sera presso la propria Residenza un incontro dedicato alla Presidenza Italiana del Comitato dei Ministri del Consiglio d\u2019Europa, iniziata il 17 novembre 2021 e destinata a concludersi il 22 maggio prossimo. L\u2019Ambasciatore ha anzitutto sottolineato l\u2019importanza del Consiglio d\u2019Europa come foro multilaterale volto a riunire tutti i paesi europei su [&hellip;]","protected":false},"author":1,"featured_media":0,"comment_status":"","ping_status":"","sticky":false,"template":"","format":"standard","meta":{"footnotes":""},"tags":[],"class_list":["post-1169","post","type-post","status-publish","format-standard","hentry"],"_links":{"self":[{"href":"https:\/\/ambskopje.esteri.it\/it\/wp-json\/wp\/v2\/posts\/1169","targetHints":{"allow":["GET"]}}],"collection":[{"href":"https:\/\/ambskopje.esteri.it\/it\/wp-json\/wp\/v2\/posts"}],"about":[{"href":"https:\/\/ambskopje.esteri.it\/it\/wp-json\/wp\/v2\/types\/post"}],"author":[{"embeddable":true,"href":"https:\/\/ambskopje.esteri.it\/it\/wp-json\/wp\/v2\/users\/1"}],"replies":[{"embeddable":true,"href":"https:\/\/ambskopje.esteri.it\/it\/wp-json\/wp\/v2\/comments?post=1169"}],"version-history":[{"count":0,"href":"https:\/\/ambskopje.esteri.it\/it\/wp-json\/wp\/v2\/posts\/1169\/revisions"}],"wp:attachment":[{"href":"https:\/\/ambskopje.esteri.it\/it\/wp-json\/wp\/v2\/media?parent=1169"}],"wp:term":[{"taxonomy":"post_tag","embeddable":true,"href":"https:\/\/ambskopje.esteri.it\/it\/wp-json\/wp\/v2\/tags?post=1169"}],"curies":[{"name":"wp","href":"https:\/\/api.w.org\/{rel}","templated":true}]}}